{"id":2256,"date":"2025-06-24T10:21:15","date_gmt":"2025-06-24T08:21:15","guid":{"rendered":"https:\/\/fidamc.es\/?p=2256"},"modified":"2026-02-11T12:08:06","modified_gmt":"2026-02-11T11:08:06","slug":"fidamc-en-el-paris-air-show-2025-un-balance-muy-positivo-en-un-momento-clave-para-la-industria-aeroespacial","status":"publish","type":"post","link":"https:\/\/fidamc.es\/en\/fidamc-en-el-paris-air-show-2025-un-balance-muy-positivo-en-un-momento-clave-para-la-industria-aeroespacial\/","title":{"rendered":"Fidamc at the Paris Air Show 2025: a very positive balance at a key moment for the aerospace industry"},"content":{"rendered":"[et_pb_section fb_built=\u00bb1&#8243; theme_builder_area=\u00bbpost_content\u00bb _builder_version=\u00bb4.27.4&#8243; _module_preset=\u00bbdefault\u00bb][et_pb_row _builder_version=\u00bb4.27.4&#8243; _module_preset=\u00bbdefault\u00bb theme_builder_area=\u00bbpost_content\u00bb][et_pb_column _builder_version=\u00bb4.27.4&#8243; _module_preset=\u00bbdefault\u00bb type=\u00bb4_4&#8243; theme_builder_area=\u00bbpost_content\u00bb][et_pb_text _builder_version=\u00bb4.27.4&#8243; _module_preset=\u00bbdefault\u00bb theme_builder_area=\u00bbpost_content\u00bb hover_enabled=\u00bb0&#8243; sticky_enabled=\u00bb0&#8243;]<p style=\"text-align: justify;\">Fidamc's participation in the International <a href=\"https:\/\/www.siae.fr\/en\/\">Paris Air Show<\/a> held in Le Bourget last week, has represented a strategic step in our purpose of driving technology to move the world, contributing to the evolution of the aerospace and defense sector. This event, considered one of the most important fairs in the world for the aeronautical industry, has allowed us to consolidate relationships, explore new opportunities and present projects that reaffirm our commitment to innovation and industrial competitiveness.<\/p>\n<p style=\"text-align: justify;\">The current context of the sector is exceptional. As our CEO, Ernesto Gonz\u00e1lez, points out, <strong>\u201cwe are living in a unique moment in history, in which the three main pillars of the sector - commercial aviation, defense and aerospace - are growing at the same time\u201d<\/strong>.This scenario offers unprecedented opportunities for companies like Fidamc, whose developments in composite materials, additive manufacturing and industrialization support technologies are set to play a key role. \u201cOur technologies help to reduce costs, improve sustainability and reinforce the positioning of the European aerospace sector as a world leader,\u201d adds Gonz\u00e1lez.<\/p>\n<h2 style=\"text-align: justify;\"><strong>Fidamc, a benchmark in industrial innovation<\/strong><\/h2>\n<p style=\"text-align: justify;\">Within this framework, our participation in Le Bourget has had two main axes: on the one hand, to strengthen our network of contacts and strategic alliances; on the other, to present our value proposition in industrial innovation. As Isaac P\u00e9rez, Fidamc's director of advanced manufacturing and expansion, explains, the balance of the fair has been \u201cvery good\u201d. \"It has allowed us to connect with current and potential customers, suppliers and, in general, with the entire ecosystem of the sector. We have analyzed market trends, such as the growing weight of defense, the drive for sustainable air mobility, technological acceleration for the aircraft of the future and the supply chain challenges of the present arising from high demand, and we have found that Fidamc is prepared to respond to these demands,\" says Perez.<\/p>\n<p style=\"text-align: justify;\">One of the highlights was the <strong>official presentation of the Advanced Manufacturing Center (CFA)<\/strong>located in Puerto Real (Cadiz). This initiative, developed by Fidamc and Andaluc\u00eda TRADE with the support of Airbus, Navantia, the Regional Government of Andalusia and the University of Cadiz, aims to become the reference pole for industrial innovation in Spain and Europe. Financed with more than 18 million euros of FEDER funds, the <a href=\"https:\/\/fidamc.es\/en\/fidamc-y-andalucia-trade-presentan-en-paris-le-bourget-el-nuevo-centro-de-fabricacion-avanzada-cfa-en-puerto-real-cadiz\/\">CFA<\/a> has cutting-edge technological areas such as additive manufacturing, robotics, metrology, digitalization and drones.<\/p>\n<p style=\"text-align: justify;\">The presentation of the CFA generated a great deal of interest, both during the fair and through subsequent communication. \u201cAfter the presentation, several companies showed their interest in developing specific projects in the CFA, some of them from sectors other than aeronautics\u201d, says Isaac P\u00e9rez. In addition, he recalls that \u201cwhen we presented in May the bases of the CFA, more than 200 companies were interested in knowing the conditions to present their projects\u201d.<\/p>\n<h2 style=\"text-align: justify;\"><strong>Visits from key institutions<\/strong><\/h2>\n<p style=\"text-align: justify;\">During the fair, Fidamc was visited by key institutions such as the Congressional Delegation of the Defense, Science and Innovation Committee, the Minister of Industry of the Andalusian Regional Government, the Lieutenant General Chief of the Air Force, the Director General of TRADE and international delegations from countries such as Canada and South Korea. In addition, the Fidamc team held meetings with the main OEMs and tier 1 of the sector, reinforcing our positioning in the global ecosystem.<\/p>\n<p style=\"text-align: justify;\">The fair also served to advance projects related to our <strong>thermoplastics hub<\/strong>, an initiative that is part of our commitment to innovation in materials. \u201cWe want to consolidate our value proposition in thermoplastics, working hand in hand with the sector to respond to its needs and technological challenges,\u201d says P\u00e9rez. \u201cWe are already working on closing collaborations that will be made public in the coming weeks.\u201d<\/p>\n<p style=\"text-align: justify;\">In short, the Paris Air Show 2025 has been an unbeatable showcase to highlight the work of Fidamc and our commitment to innovation and competitiveness of the sector. Fidamc wants to provide a service to the industry and reinforce the leadership of the European aerospace sector. Our goal is to continue developing technological solutions that help the sector to remain competitive in a time of great transformation.<\/p>\n<p style=\"text-align: justify;\">[\/et_pb_text][\/et_pb_column][\/et_pb_row][\/et_pb_section]","protected":false},"excerpt":{"rendered":"<p>La participaci\u00f3n de Fidamc en la feria International Paris Air Show 2025, celebrada en Le Bourget la semana pasada, ha representado un paso estrat\u00e9gico en nuestro prop\u00f3sito de impulsar la tecnolog\u00eda para mover el mundo, contribuyendo evoluci\u00f3n del sector aeroespacial y de defensa. Este evento, considerado una de las ferias m\u00e1s importantes del mundo para [&hellip;]<\/p>","protected":false},"author":1,"featured_media":2257,"comment_status":"open","ping_status":"open","sticky":false,"template":"","format":"standard","meta":{"_et_pb_use_builder":"on","_et_pb_old_content":"","_et_gb_content_width":"","footnotes":""},"categories":[17],"tags":[21,24,20],"class_list":["post-2256","post","type-post","status-publish","format-standard","has-post-thumbnail","hentry","category-ferias","tag-composites","tag-innovacion-aeroespacial","tag-materiales-compuestos"],"yoast_head":"<!-- This site is optimized with the Yoast SEO plugin v26.7 - https:\/\/yoast.com\/wordpress\/plugins\/seo\/ -->\r\n<title>Fidamc en el Paris Air Show 2025: un balance muy positivo en un momento clave para la industria aeroespacial - FIDAMC<\/title>\r\n<meta name=\"description\" content=\"La participaci\u00f3n de Fidamc en la feria International Paris Air Show 2025, celebrada en Le Bourget la semana pasada, ha representado un paso estrat\u00e9gico en nuestro prop\u00f3sito de impulsar la tecnolog\u00eda para mover el mundo, contribuyendo evoluci\u00f3n del sector aeroespacial y de defensa.\" \/>\r\n<meta name=\"robots\" content=\"index, follow, max-snippet:-1, max-image-preview:large, max-video-preview:-1\" \/>\r\n<link rel=\"canonical\" href=\"https:\/\/fidamc.es\/en\/fidamc-en-el-paris-air-show-2025-un-balance-muy-positivo-en-un-momento-clave-para-la-industria-aeroespacial\/\" \/>\r\n<meta property=\"og:locale\" content=\"en_GB\" \/>\r\n<meta property=\"og:type\" content=\"article\" \/>\r\n<meta property=\"og:title\" content=\"Fidamc en el Paris Air Show 2025: un balance muy positivo en un momento clave para la industria aeroespacial - FIDAMC\" \/>\r\n<meta property=\"og:description\" content=\"La participaci\u00f3n de Fidamc en la feria International Paris Air Show 2025, celebrada en Le Bourget la semana pasada, ha representado un paso estrat\u00e9gico en nuestro prop\u00f3sito de impulsar la tecnolog\u00eda para mover el mundo, contribuyendo evoluci\u00f3n del sector aeroespacial y de defensa.\" \/>\r\n<meta property=\"og:url\" content=\"https:\/\/fidamc.es\/en\/fidamc-en-el-paris-air-show-2025-un-balance-muy-positivo-en-un-momento-clave-para-la-industria-aeroespacial\/\" \/>\r\n<meta property=\"og:site_name\" content=\"FIDAMC\" \/>\r\n<meta property=\"article:published_time\" content=\"2025-06-24T08:21:15+00:00\" \/>\r\n<meta property=\"article:modified_time\" content=\"2026-02-11T11:08:06+00:00\" \/>\r\n<meta property=\"og:image\" content=\"https:\/\/fidamc.es\/wp-content\/uploads\/2025\/06\/Foto-de-familia.jpeg\" \/>\r\n\t<meta property=\"og:image:width\" content=\"1600\" \/>\r\n\t<meta property=\"og:image:height\" content=\"900\" \/>\r\n\t<meta property=\"og:image:type\" content=\"image\/jpeg\" \/>\r\n<meta name=\"author\" content=\"fidamc\" \/>\r\n<meta name=\"twitter:card\" content=\"summary_large_image\" \/>\r\n<meta name=\"twitter:label1\" content=\"Written by\" \/>\n\t<meta name=\"twitter:data1\" content=\"fidamc\" \/>\n\t<meta name=\"twitter:label2\" content=\"Estimated reading time\" \/>\n\t<meta name=\"twitter:data2\" content=\"4 minutes\" \/>\r\n<script type=\"application\/ld+json\" class=\"yoast-schema-graph\">{\"@context\":\"https:\/\/schema.org\",\"@graph\":[{\"@type\":\"Article\",\"@id\":\"https:\/\/fidamc.es\/fidamc-en-el-paris-air-show-2025-un-balance-muy-positivo-en-un-momento-clave-para-la-industria-aeroespacial\/#article\",\"isPartOf\":{\"@id\":\"https:\/\/fidamc.es\/fidamc-en-el-paris-air-show-2025-un-balance-muy-positivo-en-un-momento-clave-para-la-industria-aeroespacial\/\"},\"author\":{\"name\":\"fidamc\",\"@id\":\"https:\/\/fidamc.es\/#\/schema\/person\/06feb300cd7ff3b3c0a2b03aa5f73b70\"},\"headline\":\"Fidamc en el Paris Air Show 2025: un balance muy positivo en un momento clave para la industria aeroespacial\",\"datePublished\":\"2025-06-24T08:21:15+00:00\",\"dateModified\":\"2026-02-11T11:08:06+00:00\",\"mainEntityOfPage\":{\"@id\":\"https:\/\/fidamc.es\/fidamc-en-el-paris-air-show-2025-un-balance-muy-positivo-en-un-momento-clave-para-la-industria-aeroespacial\/\"},\"wordCount\":846,\"commentCount\":0,\"image\":{\"@id\":\"https:\/\/fidamc.es\/fidamc-en-el-paris-air-show-2025-un-balance-muy-positivo-en-un-momento-clave-para-la-industria-aeroespacial\/#primaryimage\"},\"thumbnailUrl\":\"https:\/\/fidamc.es\/wp-content\/uploads\/2025\/06\/Foto-de-familia.jpeg\",\"keywords\":[\"Composites\",\"innovaci\u00f3n aeroespacial\",\"Materiales Compuestos\"],\"articleSection\":[\"Ferias\"],\"inLanguage\":\"en-GB\",\"potentialAction\":[{\"@type\":\"CommentAction\",\"name\":\"Comment\",\"target\":[\"https:\/\/fidamc.es\/fidamc-en-el-paris-air-show-2025-un-balance-muy-positivo-en-un-momento-clave-para-la-industria-aeroespacial\/#respond\"]}]},{\"@type\":\"WebPage\",\"@id\":\"https:\/\/fidamc.es\/fidamc-en-el-paris-air-show-2025-un-balance-muy-positivo-en-un-momento-clave-para-la-industria-aeroespacial\/\",\"url\":\"https:\/\/fidamc.es\/fidamc-en-el-paris-air-show-2025-un-balance-muy-positivo-en-un-momento-clave-para-la-industria-aeroespacial\/\",\"name\":\"Fidamc en el Paris Air Show 2025: un balance muy positivo en un momento clave para la industria aeroespacial - FIDAMC\",\"isPartOf\":{\"@id\":\"https:\/\/fidamc.es\/#website\"},\"primaryImageOfPage\":{\"@id\":\"https:\/\/fidamc.es\/fidamc-en-el-paris-air-show-2025-un-balance-muy-positivo-en-un-momento-clave-para-la-industria-aeroespacial\/#primaryimage\"},\"image\":{\"@id\":\"https:\/\/fidamc.es\/fidamc-en-el-paris-air-show-2025-un-balance-muy-positivo-en-un-momento-clave-para-la-industria-aeroespacial\/#primaryimage\"},\"thumbnailUrl\":\"https:\/\/fidamc.es\/wp-content\/uploads\/2025\/06\/Foto-de-familia.jpeg\",\"datePublished\":\"2025-06-24T08:21:15+00:00\",\"dateModified\":\"2026-02-11T11:08:06+00:00\",\"author\":{\"@id\":\"https:\/\/fidamc.es\/#\/schema\/person\/06feb300cd7ff3b3c0a2b03aa5f73b70\"},\"description\":\"La participaci\u00f3n de Fidamc en la feria International Paris Air Show 2025, celebrada en Le Bourget la semana pasada, ha representado un paso estrat\u00e9gico en nuestro prop\u00f3sito de impulsar la tecnolog\u00eda para mover el mundo, contribuyendo evoluci\u00f3n del sector aeroespacial y de defensa.\",\"breadcrumb\":{\"@id\":\"https:\/\/fidamc.es\/fidamc-en-el-paris-air-show-2025-un-balance-muy-positivo-en-un-momento-clave-para-la-industria-aeroespacial\/#breadcrumb\"},\"inLanguage\":\"en-GB\",\"potentialAction\":[{\"@type\":\"ReadAction\",\"target\":[\"https:\/\/fidamc.es\/fidamc-en-el-paris-air-show-2025-un-balance-muy-positivo-en-un-momento-clave-para-la-industria-aeroespacial\/\"]}]},{\"@type\":\"ImageObject\",\"inLanguage\":\"en-GB\",\"@id\":\"https:\/\/fidamc.es\/fidamc-en-el-paris-air-show-2025-un-balance-muy-positivo-en-un-momento-clave-para-la-industria-aeroespacial\/#primaryimage\",\"url\":\"https:\/\/fidamc.es\/wp-content\/uploads\/2025\/06\/Foto-de-familia.jpeg\",\"contentUrl\":\"https:\/\/fidamc.es\/wp-content\/uploads\/2025\/06\/Foto-de-familia.jpeg\",\"width\":1600,\"height\":900,\"caption\":\"Fidamc en el Paris Air Show 2025:\"},{\"@type\":\"BreadcrumbList\",\"@id\":\"https:\/\/fidamc.es\/fidamc-en-el-paris-air-show-2025-un-balance-muy-positivo-en-un-momento-clave-para-la-industria-aeroespacial\/#breadcrumb\",\"itemListElement\":[{\"@type\":\"ListItem\",\"position\":1,\"name\":\"Portada\",\"item\":\"https:\/\/fidamc.es\/\"},{\"@type\":\"ListItem\",\"position\":2,\"name\":\"Fidamc en el Paris Air Show 2025: un balance muy positivo en un momento clave para la industria aeroespacial\"}]},{\"@type\":\"WebSite\",\"@id\":\"https:\/\/fidamc.es\/#website\",\"url\":\"https:\/\/fidamc.es\/\",\"name\":\"FIDAMC\",\"description\":\"Research, Development and Application of Composite Materials\",\"potentialAction\":[{\"@type\":\"SearchAction\",\"target\":{\"@type\":\"EntryPoint\",\"urlTemplate\":\"https:\/\/fidamc.es\/?s={search_term_string}\"},\"query-input\":{\"@type\":\"PropertyValueSpecification\",\"valueRequired\":true,\"valueName\":\"search_term_string\"}}],\"inLanguage\":\"en-GB\"},{\"@type\":\"Person\",\"@id\":\"https:\/\/fidamc.es\/#\/schema\/person\/06feb300cd7ff3b3c0a2b03aa5f73b70\",\"name\":\"fidamc\",\"image\":{\"@type\":\"ImageObject\",\"inLanguage\":\"en-GB\",\"@id\":\"https:\/\/fidamc.es\/#\/schema\/person\/image\/\",\"url\":\"https:\/\/secure.gravatar.com\/avatar\/a6670502f5dce3955f76dda9a01536b69bbcd83706dc4c46f5eba56aad168cc7?s=96&d=mm&r=g\",\"contentUrl\":\"https:\/\/secure.gravatar.com\/avatar\/a6670502f5dce3955f76dda9a01536b69bbcd83706dc4c46f5eba56aad168cc7?s=96&d=mm&r=g\",\"caption\":\"fidamc\"},\"sameAs\":[\"https:\/\/fidamc.es\"],\"url\":\"https:\/\/fidamc.es\/en\/author\/fidamc\/\"}]}<\/script>\r\n<!-- \/ Yoast SEO plugin. -->","yoast_head_json":{"title":"Fidamc en el Paris Air Show 2025: un balance muy positivo en un momento clave para la industria aeroespacial - FIDAMC","description":"La participaci\u00f3n de Fidamc en la feria International Paris Air Show 2025, celebrada en Le Bourget la semana pasada, ha representado un paso estrat\u00e9gico en nuestro prop\u00f3sito de impulsar la tecnolog\u00eda para mover el mundo, contribuyendo evoluci\u00f3n del sector aeroespacial y de defensa.","robots":{"index":"index","follow":"follow","max-snippet":"max-snippet:-1","max-image-preview":"max-image-preview:large","max-video-preview":"max-video-preview:-1"},"canonical":"https:\/\/fidamc.es\/en\/fidamc-en-el-paris-air-show-2025-un-balance-muy-positivo-en-un-momento-clave-para-la-industria-aeroespacial\/","og_locale":"en_GB","og_type":"article","og_title":"Fidamc en el Paris Air Show 2025: un balance muy positivo en un momento clave para la industria aeroespacial - FIDAMC","og_description":"La participaci\u00f3n de Fidamc en la feria International Paris Air Show 2025, celebrada en Le Bourget la semana pasada, ha representado un paso estrat\u00e9gico en nuestro prop\u00f3sito de impulsar la tecnolog\u00eda para mover el mundo, contribuyendo evoluci\u00f3n del sector aeroespacial y de defensa.","og_url":"https:\/\/fidamc.es\/en\/fidamc-en-el-paris-air-show-2025-un-balance-muy-positivo-en-un-momento-clave-para-la-industria-aeroespacial\/","og_site_name":"FIDAMC","article_published_time":"2025-06-24T08:21:15+00:00","article_modified_time":"2026-02-11T11:08:06+00:00","og_image":[{"width":1600,"height":900,"url":"https:\/\/fidamc.es\/wp-content\/uploads\/2025\/06\/Foto-de-familia.jpeg","type":"image\/jpeg"}],"author":"fidamc","twitter_card":"summary_large_image","twitter_misc":{"Written by":"fidamc","Estimated reading time":"4 minutes"},"schema":{"@context":"https:\/\/schema.org","@graph":[{"@type":"Article","@id":"https:\/\/fidamc.es\/fidamc-en-el-paris-air-show-2025-un-balance-muy-positivo-en-un-momento-clave-para-la-industria-aeroespacial\/#article","isPartOf":{"@id":"https:\/\/fidamc.es\/fidamc-en-el-paris-air-show-2025-un-balance-muy-positivo-en-un-momento-clave-para-la-industria-aeroespacial\/"},"author":{"name":"fidamc","@id":"https:\/\/fidamc.es\/#\/schema\/person\/06feb300cd7ff3b3c0a2b03aa5f73b70"},"headline":"Fidamc en el Paris Air Show 2025: un balance muy positivo en un momento clave para la industria aeroespacial","datePublished":"2025-06-24T08:21:15+00:00","dateModified":"2026-02-11T11:08:06+00:00","mainEntityOfPage":{"@id":"https:\/\/fidamc.es\/fidamc-en-el-paris-air-show-2025-un-balance-muy-positivo-en-un-momento-clave-para-la-industria-aeroespacial\/"},"wordCount":846,"commentCount":0,"image":{"@id":"https:\/\/fidamc.es\/fidamc-en-el-paris-air-show-2025-un-balance-muy-positivo-en-un-momento-clave-para-la-industria-aeroespacial\/#primaryimage"},"thumbnailUrl":"https:\/\/fidamc.es\/wp-content\/uploads\/2025\/06\/Foto-de-familia.jpeg","keywords":["Composites","innovaci\u00f3n aeroespacial","Materiales Compuestos"],"articleSection":["Ferias"],"inLanguage":"en-GB","potentialAction":[{"@type":"CommentAction","name":"Comment","target":["https:\/\/fidamc.es\/fidamc-en-el-paris-air-show-2025-un-balance-muy-positivo-en-un-momento-clave-para-la-industria-aeroespacial\/#respond"]}]},{"@type":"WebPage","@id":"https:\/\/fidamc.es\/fidamc-en-el-paris-air-show-2025-un-balance-muy-positivo-en-un-momento-clave-para-la-industria-aeroespacial\/","url":"https:\/\/fidamc.es\/fidamc-en-el-paris-air-show-2025-un-balance-muy-positivo-en-un-momento-clave-para-la-industria-aeroespacial\/","name":"Fidamc en el Paris Air Show 2025: un balance muy positivo en un momento clave para la industria aeroespacial - FIDAMC","isPartOf":{"@id":"https:\/\/fidamc.es\/#website"},"primaryImageOfPage":{"@id":"https:\/\/fidamc.es\/fidamc-en-el-paris-air-show-2025-un-balance-muy-positivo-en-un-momento-clave-para-la-industria-aeroespacial\/#primaryimage"},"image":{"@id":"https:\/\/fidamc.es\/fidamc-en-el-paris-air-show-2025-un-balance-muy-positivo-en-un-momento-clave-para-la-industria-aeroespacial\/#primaryimage"},"thumbnailUrl":"https:\/\/fidamc.es\/wp-content\/uploads\/2025\/06\/Foto-de-familia.jpeg","datePublished":"2025-06-24T08:21:15+00:00","dateModified":"2026-02-11T11:08:06+00:00","author":{"@id":"https:\/\/fidamc.es\/#\/schema\/person\/06feb300cd7ff3b3c0a2b03aa5f73b70"},"description":"La participaci\u00f3n de Fidamc en la feria International Paris Air Show 2025, celebrada en Le Bourget la semana pasada, ha representado un paso estrat\u00e9gico en nuestro prop\u00f3sito de impulsar la tecnolog\u00eda para mover el mundo, contribuyendo evoluci\u00f3n del sector aeroespacial y de defensa.","breadcrumb":{"@id":"https:\/\/fidamc.es\/fidamc-en-el-paris-air-show-2025-un-balance-muy-positivo-en-un-momento-clave-para-la-industria-aeroespacial\/#breadcrumb"},"inLanguage":"en-GB","potentialAction":[{"@type":"ReadAction","target":["https:\/\/fidamc.es\/fidamc-en-el-paris-air-show-2025-un-balance-muy-positivo-en-un-momento-clave-para-la-industria-aeroespacial\/"]}]},{"@type":"ImageObject","inLanguage":"en-GB","@id":"https:\/\/fidamc.es\/fidamc-en-el-paris-air-show-2025-un-balance-muy-positivo-en-un-momento-clave-para-la-industria-aeroespacial\/#primaryimage","url":"https:\/\/fidamc.es\/wp-content\/uploads\/2025\/06\/Foto-de-familia.jpeg","contentUrl":"https:\/\/fidamc.es\/wp-content\/uploads\/2025\/06\/Foto-de-familia.jpeg","width":1600,"height":900,"caption":"Fidamc en el Paris Air Show 2025:"},{"@type":"BreadcrumbList","@id":"https:\/\/fidamc.es\/fidamc-en-el-paris-air-show-2025-un-balance-muy-positivo-en-un-momento-clave-para-la-industria-aeroespacial\/#breadcrumb","itemListElement":[{"@type":"ListItem","position":1,"name":"Portada","item":"https:\/\/fidamc.es\/"},{"@type":"ListItem","position":2,"name":"Fidamc en el Paris Air Show 2025: un balance muy positivo en un momento clave para la industria aeroespacial"}]},{"@type":"WebSite","@id":"https:\/\/fidamc.es\/#website","url":"https:\/\/fidamc.es\/","name":"FIDAMC","description":"Research, Development and Application of Composite Materials","potentialAction":[{"@type":"SearchAction","target":{"@type":"EntryPoint","urlTemplate":"https:\/\/fidamc.es\/?s={search_term_string}"},"query-input":{"@type":"PropertyValueSpecification","valueRequired":true,"valueName":"search_term_string"}}],"inLanguage":"en-GB"},{"@type":"Person","@id":"https:\/\/fidamc.es\/#\/schema\/person\/06feb300cd7ff3b3c0a2b03aa5f73b70","name":"fidamc","image":{"@type":"ImageObject","inLanguage":"en-GB","@id":"https:\/\/fidamc.es\/#\/schema\/person\/image\/","url":"https:\/\/secure.gravatar.com\/avatar\/a6670502f5dce3955f76dda9a01536b69bbcd83706dc4c46f5eba56aad168cc7?s=96&d=mm&r=g","contentUrl":"https:\/\/secure.gravatar.com\/avatar\/a6670502f5dce3955f76dda9a01536b69bbcd83706dc4c46f5eba56aad168cc7?s=96&d=mm&r=g","caption":"fidamc"},"sameAs":["https:\/\/fidamc.es"],"url":"https:\/\/fidamc.es\/en\/author\/fidamc\/"}]}},"_links":{"self":[{"href":"https:\/\/fidamc.es\/en\/wp-json\/wp\/v2\/posts\/2256","targetHints":{"allow":["GET"]}}],"collection":[{"href":"https:\/\/fidamc.es\/en\/wp-json\/wp\/v2\/posts"}],"about":[{"href":"https:\/\/fidamc.es\/en\/wp-json\/wp\/v2\/types\/post"}],"author":[{"embeddable":true,"href":"https:\/\/fidamc.es\/en\/wp-json\/wp\/v2\/users\/1"}],"replies":[{"embeddable":true,"href":"https:\/\/fidamc.es\/en\/wp-json\/wp\/v2\/comments?post=2256"}],"version-history":[{"count":4,"href":"https:\/\/fidamc.es\/en\/wp-json\/wp\/v2\/posts\/2256\/revisions"}],"predecessor-version":[{"id":2261,"href":"https:\/\/fidamc.es\/en\/wp-json\/wp\/v2\/posts\/2256\/revisions\/2261"}],"wp:featuredmedia":[{"embeddable":true,"href":"https:\/\/fidamc.es\/en\/wp-json\/wp\/v2\/media\/2257"}],"wp:attachment":[{"href":"https:\/\/fidamc.es\/en\/wp-json\/wp\/v2\/media?parent=2256"}],"wp:term":[{"taxonomy":"category","embeddable":true,"href":"https:\/\/fidamc.es\/en\/wp-json\/wp\/v2\/categories?post=2256"},{"taxonomy":"post_tag","embeddable":true,"href":"https:\/\/fidamc.es\/en\/wp-json\/wp\/v2\/tags?post=2256"}],"curies":[{"name":"wp","href":"https:\/\/api.w.org\/{rel}","templated":true}]}}