{"id":2263,"date":"2025-06-30T12:23:08","date_gmt":"2025-06-30T10:23:08","guid":{"rendered":"https:\/\/fidamc.es\/?p=2263"},"modified":"2026-02-11T12:07:57","modified_gmt":"2026-02-11T11:07:57","slug":"fidamc-coloca-la-primera-piedra-de-su-nueva-nave-tecnologica-en-getafe","status":"publish","type":"post","link":"https:\/\/fidamc.es\/en\/fidamc-coloca-la-primera-piedra-de-su-nueva-nave-tecnologica-en-getafe\/","title":{"rendered":"Fidamc lays the foundation stone of its new technological warehouse in Getafe"},"content":{"rendered":"[et_pb_section fb_built=\u00bb1&#8243; theme_builder_area=\u00bbpost_content\u00bb _builder_version=\u00bb4.27.4&#8243; _module_preset=\u00bbdefault\u00bb][et_pb_row _builder_version=\u00bb4.27.4&#8243; _module_preset=\u00bbdefault\u00bb theme_builder_area=\u00bbpost_content\u00bb][et_pb_column _builder_version=\u00bb4.27.4&#8243; _module_preset=\u00bbdefault\u00bb type=\u00bb4_4&#8243; theme_builder_area=\u00bbpost_content\u00bb][et_pb_text _builder_version=\u00bb4.27.4&#8243; _module_preset=\u00bbdefault\u00bb theme_builder_area=\u00bbpost_content\u00bb hover_enabled=\u00bb0&#8243; sticky_enabled=\u00bb0&#8243;]<p style=\"text-align: justify;\">Fidamc, an R&amp;D and training center dedicated to the research, development and application of innovative technologies in the design and manufacture of composite structures, has celebrated the symbolic laying of the first stone of its new technology building, a key step in its strategy of growth and capacity building in the aerospace sector.<\/p>\n<p style=\"text-align: justify;\">The new facility, which will cover <strong>more than 500 square meters<\/strong>, will be built just behind Fidamc's main building in Getafe. It will be destined to <strong>increase the productive and technological capacity of Fidamc and ENSIA EXPERT (TESTIA), <\/strong>a 100% Airbus Group company, focused on the structural integrity of components and aircraft, with the aim of responding to the growing demand for new technological needs in the aerospace field.<\/p>\n<h2 style=\"text-align: justify;\"><strong>Manufacture of composite structures<\/strong><\/h2>\n<p style=\"text-align: justify;\">Fidamc is an industrial research center of national and international reference, specialized in the <strong>development of advanced technologies for the manufacture of composite material structures<\/strong>, with applications mainly in the aeronautical sector, although it also works in other sectors, such as the naval and automotive industries. It works closely with companies, technology centers and public institutions to promote innovation, sustainability and competitiveness in the industry.<\/p>\n<p style=\"text-align: justify;\">The event was attended by numerous authorities and institutional and industry representatives, including: <a href=\"https:\/\/fidamc.es\/en\/ernesto-gonzalez-ceo-de-fidamc-comparte-claves-estrategicas-para-saber-sustituir-un-producto-estrella-en-industry-talks\/\">Ernesto Gonz\u00e1lez<\/a>, CEO of Fidamc; Sara Hern\u00e1ndez, Mayor of Getafe; Ricardo Rojas, President of Commercial Aircraft of Airbus Spain; Elisabeth Melo, Councilwoman of Economic Development; Roberto Fern\u00e1ndez, Councilman of Employment; Juan Manuel Hern\u00e1ndez, Manager of GISA; Cruz G\u00fatiez, Manager of the Training and Employment Area of Getafe; F\u00e9lix Dom\u00ednguez, Deputy Director and Head of Engineering at Fidamc; Pedro Serrano, Managing Director of ENSIA EXPERT; Eduardo Ram\u00edrez, President of the Getafe Aerospace Network (GAN) cluster; and Jos\u00e9 Mar\u00eda Garc\u00eda, partner at INGENOVUM, the project's construction company.<\/p>\n<h2 style=\"text-align: justify;\"><strong>Technological sovereignty of the Spanish aerospace industry<\/strong><\/h2>\n<p style=\"text-align: justify;\">\"This project is a commitment to the future. Not only are we expanding our facilities, but we are also reinforcing our commitment to innovation, employment and the technological sovereignty of the Spanish aerospace industry,\" said Ernesto Gonz\u00e1lez, CEO of Fidamc.<\/p>\n<p style=\"text-align: justify;\">Pedro Serrano, Managing Director of ENSIA EXPERT, also commented on what this expansion means for his company. \"This new hall will allow us to expand our testing and certification capabilities, while reinforcing the technological synergy with Fidamc. It is a strategic step to meet the challenges of the new air mobility and to consolidate our presence in the European innovation ecosystem.\"<\/p>\n<p style=\"text-align: justify;\">The mayoress of Getafe, Sara Hern\u00e1ndez, underlined the local impact of the project:<\/p>\n<p style=\"text-align: justify;\">\"From the Getafe City Council we are clear, there is no sustainable economic development without investment in knowledge. That is why we strongly support initiatives like this, which place our city at the center of industrial innovation in Europe\".<\/p>\n<p style=\"text-align: justify;\">This new warehouse, which <strong>will be operational in September 2025<\/strong>, will not only allow to address new industry challenges, but also to strengthen Getafe's position as a strategic node in the Spanish aerospace sector.<\/p>\n<p style=\"text-align: justify;\">\"From Airbus we strongly support this initiative. It is a clear example of how collaboration between industry, technology centers and administrations makes it possible to move towards a more competitive sector that is prepared for future challenges,\" added Ricardo Rojas, President of Commercial Aircraft at <a href=\"https:\/\/www.airbus.com\/es\">Airbus Spain<\/a>.<\/p>\n<p style=\"text-align: justify;\">Fidamc expects this expansion to boost the growth of its workforce, consolidate new technological collaborations and maintain its role as a key innovation and development center in Europe.<\/p>[\/et_pb_text][\/et_pb_column][\/et_pb_row][\/et_pb_section]","protected":false},"excerpt":{"rendered":"<p>Fidamc, centro de I+D+i y formaci\u00f3n dedicado a la investigaci\u00f3n, desarrollo y aplicaci\u00f3n de tecnolog\u00edas innovadoras en el dise\u00f1o y fabricaci\u00f3n de estructuras de material compuesto, ha celebrado el acto simb\u00f3lico de colocaci\u00f3n de la primera piedra de su nueva nave tecnol\u00f3gica, un paso clave en su estrategia de crecimiento y refuerzo de capacidades en [&hellip;]<\/p>","protected":false},"author":1,"featured_media":2264,"comment_status":"open","ping_status":"open","sticky":false,"template":"","format":"standard","meta":{"_et_pb_use_builder":"on","_et_pb_old_content":"","_et_gb_content_width":"","footnotes":""},"categories":[16],"tags":[21,24,20],"class_list":["post-2263","post","type-post","status-publish","format-standard","has-post-thumbnail","hentry","category-notas-de-prensa","tag-composites","tag-innovacion-aeroespacial","tag-materiales-compuestos"],"yoast_head":"<!-- This site is optimized with the Yoast SEO plugin v26.7 - https:\/\/yoast.com\/wordpress\/plugins\/seo\/ -->\r\n<title>Fidamc coloca la primera piedra de su nueva nave tecnol\u00f3gica en Getafe - FIDAMC<\/title>\r\n<meta name=\"description\" content=\"Fidamc ha celebrado el acto simb\u00f3lico de colocaci\u00f3n de la primera piedra de su nueva nave tecnol\u00f3gica, un paso clave en su estrategia de crecimiento.\" \/>\r\n<meta name=\"robots\" content=\"index, follow, max-snippet:-1, max-image-preview:large, max-video-preview:-1\" \/>\r\n<link rel=\"canonical\" href=\"https:\/\/fidamc.es\/en\/fidamc-coloca-la-primera-piedra-de-su-nueva-nave-tecnologica-en-getafe\/\" \/>\r\n<meta property=\"og:locale\" content=\"en_GB\" \/>\r\n<meta property=\"og:type\" content=\"article\" \/>\r\n<meta property=\"og:title\" content=\"Fidamc coloca la primera piedra de su nueva nave tecnol\u00f3gica en Getafe - FIDAMC\" \/>\r\n<meta property=\"og:description\" content=\"Fidamc ha celebrado el acto simb\u00f3lico de colocaci\u00f3n de la primera piedra de su nueva nave tecnol\u00f3gica, un paso clave en su estrategia de crecimiento.\" \/>\r\n<meta property=\"og:url\" content=\"https:\/\/fidamc.es\/en\/fidamc-coloca-la-primera-piedra-de-su-nueva-nave-tecnologica-en-getafe\/\" \/>\r\n<meta property=\"og:site_name\" content=\"FIDAMC\" \/>\r\n<meta property=\"article:published_time\" content=\"2025-06-30T10:23:08+00:00\" \/>\r\n<meta property=\"article:modified_time\" content=\"2026-02-11T11:07:57+00:00\" \/>\r\n<meta property=\"og:image\" content=\"https:\/\/fidamc.es\/wp-content\/uploads\/2025\/06\/Fidamc-primera-piedra-nueva-nave-tecnologica.jpg\" \/>\r\n\t<meta property=\"og:image:width\" content=\"1616\" \/>\r\n\t<meta property=\"og:image:height\" content=\"1080\" \/>\r\n\t<meta property=\"og:image:type\" content=\"image\/jpeg\" \/>\r\n<meta name=\"author\" content=\"fidamc\" \/>\r\n<meta name=\"twitter:card\" content=\"summary_large_image\" \/>\r\n<meta name=\"twitter:label1\" content=\"Written by\" \/>\n\t<meta name=\"twitter:data1\" content=\"fidamc\" \/>\n\t<meta name=\"twitter:label2\" content=\"Estimated reading time\" \/>\n\t<meta name=\"twitter:data2\" content=\"3 minutes\" \/>\r\n<script type=\"application\/ld+json\" class=\"yoast-schema-graph\">{\"@context\":\"https:\/\/schema.org\",\"@graph\":[{\"@type\":\"Article\",\"@id\":\"https:\/\/fidamc.es\/fidamc-coloca-la-primera-piedra-de-su-nueva-nave-tecnologica-en-getafe\/#article\",\"isPartOf\":{\"@id\":\"https:\/\/fidamc.es\/fidamc-coloca-la-primera-piedra-de-su-nueva-nave-tecnologica-en-getafe\/\"},\"author\":{\"name\":\"fidamc\",\"@id\":\"https:\/\/fidamc.es\/#\/schema\/person\/06feb300cd7ff3b3c0a2b03aa5f73b70\"},\"headline\":\"Fidamc coloca la primera piedra de su nueva nave tecnol\u00f3gica en Getafe\",\"datePublished\":\"2025-06-30T10:23:08+00:00\",\"dateModified\":\"2026-02-11T11:07:57+00:00\",\"mainEntityOfPage\":{\"@id\":\"https:\/\/fidamc.es\/fidamc-coloca-la-primera-piedra-de-su-nueva-nave-tecnologica-en-getafe\/\"},\"wordCount\":716,\"commentCount\":0,\"image\":{\"@id\":\"https:\/\/fidamc.es\/fidamc-coloca-la-primera-piedra-de-su-nueva-nave-tecnologica-en-getafe\/#primaryimage\"},\"thumbnailUrl\":\"https:\/\/fidamc.es\/wp-content\/uploads\/2025\/06\/Fidamc-primera-piedra-nueva-nave-tecnologica.jpg\",\"keywords\":[\"Composites\",\"innovaci\u00f3n aeroespacial\",\"Materiales Compuestos\"],\"articleSection\":[\"Notas de Prensa\"],\"inLanguage\":\"en-GB\",\"potentialAction\":[{\"@type\":\"CommentAction\",\"name\":\"Comment\",\"target\":[\"https:\/\/fidamc.es\/fidamc-coloca-la-primera-piedra-de-su-nueva-nave-tecnologica-en-getafe\/#respond\"]}]},{\"@type\":\"WebPage\",\"@id\":\"https:\/\/fidamc.es\/fidamc-coloca-la-primera-piedra-de-su-nueva-nave-tecnologica-en-getafe\/\",\"url\":\"https:\/\/fidamc.es\/fidamc-coloca-la-primera-piedra-de-su-nueva-nave-tecnologica-en-getafe\/\",\"name\":\"Fidamc coloca la primera piedra de su nueva nave tecnol\u00f3gica en Getafe - FIDAMC\",\"isPartOf\":{\"@id\":\"https:\/\/fidamc.es\/#website\"},\"primaryImageOfPage\":{\"@id\":\"https:\/\/fidamc.es\/fidamc-coloca-la-primera-piedra-de-su-nueva-nave-tecnologica-en-getafe\/#primaryimage\"},\"image\":{\"@id\":\"https:\/\/fidamc.es\/fidamc-coloca-la-primera-piedra-de-su-nueva-nave-tecnologica-en-getafe\/#primaryimage\"},\"thumbnailUrl\":\"https:\/\/fidamc.es\/wp-content\/uploads\/2025\/06\/Fidamc-primera-piedra-nueva-nave-tecnologica.jpg\",\"datePublished\":\"2025-06-30T10:23:08+00:00\",\"dateModified\":\"2026-02-11T11:07:57+00:00\",\"author\":{\"@id\":\"https:\/\/fidamc.es\/#\/schema\/person\/06feb300cd7ff3b3c0a2b03aa5f73b70\"},\"description\":\"Fidamc ha celebrado el acto simb\u00f3lico de colocaci\u00f3n de la primera piedra de su nueva nave tecnol\u00f3gica, un paso clave en su estrategia de crecimiento.\",\"breadcrumb\":{\"@id\":\"https:\/\/fidamc.es\/fidamc-coloca-la-primera-piedra-de-su-nueva-nave-tecnologica-en-getafe\/#breadcrumb\"},\"inLanguage\":\"en-GB\",\"potentialAction\":[{\"@type\":\"ReadAction\",\"target\":[\"https:\/\/fidamc.es\/fidamc-coloca-la-primera-piedra-de-su-nueva-nave-tecnologica-en-getafe\/\"]}]},{\"@type\":\"ImageObject\",\"inLanguage\":\"en-GB\",\"@id\":\"https:\/\/fidamc.es\/fidamc-coloca-la-primera-piedra-de-su-nueva-nave-tecnologica-en-getafe\/#primaryimage\",\"url\":\"https:\/\/fidamc.es\/wp-content\/uploads\/2025\/06\/Fidamc-primera-piedra-nueva-nave-tecnologica.jpg\",\"contentUrl\":\"https:\/\/fidamc.es\/wp-content\/uploads\/2025\/06\/Fidamc-primera-piedra-nueva-nave-tecnologica.jpg\",\"width\":1616,\"height\":1080,\"caption\":\"Fidamc primera piedra nueva nave tecnol\u00f3gica\"},{\"@type\":\"BreadcrumbList\",\"@id\":\"https:\/\/fidamc.es\/fidamc-coloca-la-primera-piedra-de-su-nueva-nave-tecnologica-en-getafe\/#breadcrumb\",\"itemListElement\":[{\"@type\":\"ListItem\",\"position\":1,\"name\":\"Portada\",\"item\":\"https:\/\/fidamc.es\/\"},{\"@type\":\"ListItem\",\"position\":2,\"name\":\"Fidamc coloca la primera piedra de su nueva nave tecnol\u00f3gica en Getafe\"}]},{\"@type\":\"WebSite\",\"@id\":\"https:\/\/fidamc.es\/#website\",\"url\":\"https:\/\/fidamc.es\/\",\"name\":\"FIDAMC\",\"description\":\"Research, Development and Application of Composite Materials\",\"potentialAction\":[{\"@type\":\"SearchAction\",\"target\":{\"@type\":\"EntryPoint\",\"urlTemplate\":\"https:\/\/fidamc.es\/?s={search_term_string}\"},\"query-input\":{\"@type\":\"PropertyValueSpecification\",\"valueRequired\":true,\"valueName\":\"search_term_string\"}}],\"inLanguage\":\"en-GB\"},{\"@type\":\"Person\",\"@id\":\"https:\/\/fidamc.es\/#\/schema\/person\/06feb300cd7ff3b3c0a2b03aa5f73b70\",\"name\":\"fidamc\",\"image\":{\"@type\":\"ImageObject\",\"inLanguage\":\"en-GB\",\"@id\":\"https:\/\/fidamc.es\/#\/schema\/person\/image\/\",\"url\":\"https:\/\/secure.gravatar.com\/avatar\/a6670502f5dce3955f76dda9a01536b69bbcd83706dc4c46f5eba56aad168cc7?s=96&d=mm&r=g\",\"contentUrl\":\"https:\/\/secure.gravatar.com\/avatar\/a6670502f5dce3955f76dda9a01536b69bbcd83706dc4c46f5eba56aad168cc7?s=96&d=mm&r=g\",\"caption\":\"fidamc\"},\"sameAs\":[\"https:\/\/fidamc.es\"],\"url\":\"https:\/\/fidamc.es\/en\/author\/fidamc\/\"}]}<\/script>\r\n<!-- \/ Yoast SEO plugin. -->","yoast_head_json":{"title":"Fidamc coloca la primera piedra de su nueva nave tecnol\u00f3gica en Getafe - FIDAMC","description":"Fidamc ha celebrado el acto simb\u00f3lico de colocaci\u00f3n de la primera piedra de su nueva nave tecnol\u00f3gica, un paso clave en su estrategia de crecimiento.","robots":{"index":"index","follow":"follow","max-snippet":"max-snippet:-1","max-image-preview":"max-image-preview:large","max-video-preview":"max-video-preview:-1"},"canonical":"https:\/\/fidamc.es\/en\/fidamc-coloca-la-primera-piedra-de-su-nueva-nave-tecnologica-en-getafe\/","og_locale":"en_GB","og_type":"article","og_title":"Fidamc coloca la primera piedra de su nueva nave tecnol\u00f3gica en Getafe - FIDAMC","og_description":"Fidamc ha celebrado el acto simb\u00f3lico de colocaci\u00f3n de la primera piedra de su nueva nave tecnol\u00f3gica, un paso clave en su estrategia de crecimiento.","og_url":"https:\/\/fidamc.es\/en\/fidamc-coloca-la-primera-piedra-de-su-nueva-nave-tecnologica-en-getafe\/","og_site_name":"FIDAMC","article_published_time":"2025-06-30T10:23:08+00:00","article_modified_time":"2026-02-11T11:07:57+00:00","og_image":[{"width":1616,"height":1080,"url":"https:\/\/fidamc.es\/wp-content\/uploads\/2025\/06\/Fidamc-primera-piedra-nueva-nave-tecnologica.jpg","type":"image\/jpeg"}],"author":"fidamc","twitter_card":"summary_large_image","twitter_misc":{"Written by":"fidamc","Estimated reading time":"3 minutes"},"schema":{"@context":"https:\/\/schema.org","@graph":[{"@type":"Article","@id":"https:\/\/fidamc.es\/fidamc-coloca-la-primera-piedra-de-su-nueva-nave-tecnologica-en-getafe\/#article","isPartOf":{"@id":"https:\/\/fidamc.es\/fidamc-coloca-la-primera-piedra-de-su-nueva-nave-tecnologica-en-getafe\/"},"author":{"name":"fidamc","@id":"https:\/\/fidamc.es\/#\/schema\/person\/06feb300cd7ff3b3c0a2b03aa5f73b70"},"headline":"Fidamc coloca la primera piedra de su nueva nave tecnol\u00f3gica en Getafe","datePublished":"2025-06-30T10:23:08+00:00","dateModified":"2026-02-11T11:07:57+00:00","mainEntityOfPage":{"@id":"https:\/\/fidamc.es\/fidamc-coloca-la-primera-piedra-de-su-nueva-nave-tecnologica-en-getafe\/"},"wordCount":716,"commentCount":0,"image":{"@id":"https:\/\/fidamc.es\/fidamc-coloca-la-primera-piedra-de-su-nueva-nave-tecnologica-en-getafe\/#primaryimage"},"thumbnailUrl":"https:\/\/fidamc.es\/wp-content\/uploads\/2025\/06\/Fidamc-primera-piedra-nueva-nave-tecnologica.jpg","keywords":["Composites","innovaci\u00f3n aeroespacial","Materiales Compuestos"],"articleSection":["Notas de Prensa"],"inLanguage":"en-GB","potentialAction":[{"@type":"CommentAction","name":"Comment","target":["https:\/\/fidamc.es\/fidamc-coloca-la-primera-piedra-de-su-nueva-nave-tecnologica-en-getafe\/#respond"]}]},{"@type":"WebPage","@id":"https:\/\/fidamc.es\/fidamc-coloca-la-primera-piedra-de-su-nueva-nave-tecnologica-en-getafe\/","url":"https:\/\/fidamc.es\/fidamc-coloca-la-primera-piedra-de-su-nueva-nave-tecnologica-en-getafe\/","name":"Fidamc coloca la primera piedra de su nueva nave tecnol\u00f3gica en Getafe - FIDAMC","isPartOf":{"@id":"https:\/\/fidamc.es\/#website"},"primaryImageOfPage":{"@id":"https:\/\/fidamc.es\/fidamc-coloca-la-primera-piedra-de-su-nueva-nave-tecnologica-en-getafe\/#primaryimage"},"image":{"@id":"https:\/\/fidamc.es\/fidamc-coloca-la-primera-piedra-de-su-nueva-nave-tecnologica-en-getafe\/#primaryimage"},"thumbnailUrl":"https:\/\/fidamc.es\/wp-content\/uploads\/2025\/06\/Fidamc-primera-piedra-nueva-nave-tecnologica.jpg","datePublished":"2025-06-30T10:23:08+00:00","dateModified":"2026-02-11T11:07:57+00:00","author":{"@id":"https:\/\/fidamc.es\/#\/schema\/person\/06feb300cd7ff3b3c0a2b03aa5f73b70"},"description":"Fidamc ha celebrado el acto simb\u00f3lico de colocaci\u00f3n de la primera piedra de su nueva nave tecnol\u00f3gica, un paso clave en su estrategia de crecimiento.","breadcrumb":{"@id":"https:\/\/fidamc.es\/fidamc-coloca-la-primera-piedra-de-su-nueva-nave-tecnologica-en-getafe\/#breadcrumb"},"inLanguage":"en-GB","potentialAction":[{"@type":"ReadAction","target":["https:\/\/fidamc.es\/fidamc-coloca-la-primera-piedra-de-su-nueva-nave-tecnologica-en-getafe\/"]}]},{"@type":"ImageObject","inLanguage":"en-GB","@id":"https:\/\/fidamc.es\/fidamc-coloca-la-primera-piedra-de-su-nueva-nave-tecnologica-en-getafe\/#primaryimage","url":"https:\/\/fidamc.es\/wp-content\/uploads\/2025\/06\/Fidamc-primera-piedra-nueva-nave-tecnologica.jpg","contentUrl":"https:\/\/fidamc.es\/wp-content\/uploads\/2025\/06\/Fidamc-primera-piedra-nueva-nave-tecnologica.jpg","width":1616,"height":1080,"caption":"Fidamc primera piedra nueva nave tecnol\u00f3gica"},{"@type":"BreadcrumbList","@id":"https:\/\/fidamc.es\/fidamc-coloca-la-primera-piedra-de-su-nueva-nave-tecnologica-en-getafe\/#breadcrumb","itemListElement":[{"@type":"ListItem","position":1,"name":"Portada","item":"https:\/\/fidamc.es\/"},{"@type":"ListItem","position":2,"name":"Fidamc coloca la primera piedra de su nueva nave tecnol\u00f3gica en Getafe"}]},{"@type":"WebSite","@id":"https:\/\/fidamc.es\/#website","url":"https:\/\/fidamc.es\/","name":"FIDAMC","description":"Research, Development and Application of Composite Materials","potentialAction":[{"@type":"SearchAction","target":{"@type":"EntryPoint","urlTemplate":"https:\/\/fidamc.es\/?s={search_term_string}"},"query-input":{"@type":"PropertyValueSpecification","valueRequired":true,"valueName":"search_term_string"}}],"inLanguage":"en-GB"},{"@type":"Person","@id":"https:\/\/fidamc.es\/#\/schema\/person\/06feb300cd7ff3b3c0a2b03aa5f73b70","name":"fidamc","image":{"@type":"ImageObject","inLanguage":"en-GB","@id":"https:\/\/fidamc.es\/#\/schema\/person\/image\/","url":"https:\/\/secure.gravatar.com\/avatar\/a6670502f5dce3955f76dda9a01536b69bbcd83706dc4c46f5eba56aad168cc7?s=96&d=mm&r=g","contentUrl":"https:\/\/secure.gravatar.com\/avatar\/a6670502f5dce3955f76dda9a01536b69bbcd83706dc4c46f5eba56aad168cc7?s=96&d=mm&r=g","caption":"fidamc"},"sameAs":["https:\/\/fidamc.es"],"url":"https:\/\/fidamc.es\/en\/author\/fidamc\/"}]}},"_links":{"self":[{"href":"https:\/\/fidamc.es\/en\/wp-json\/wp\/v2\/posts\/2263","targetHints":{"allow":["GET"]}}],"collection":[{"href":"https:\/\/fidamc.es\/en\/wp-json\/wp\/v2\/posts"}],"about":[{"href":"https:\/\/fidamc.es\/en\/wp-json\/wp\/v2\/types\/post"}],"author":[{"embeddable":true,"href":"https:\/\/fidamc.es\/en\/wp-json\/wp\/v2\/users\/1"}],"replies":[{"embeddable":true,"href":"https:\/\/fidamc.es\/en\/wp-json\/wp\/v2\/comments?post=2263"}],"version-history":[{"count":4,"href":"https:\/\/fidamc.es\/en\/wp-json\/wp\/v2\/posts\/2263\/revisions"}],"predecessor-version":[{"id":2269,"href":"https:\/\/fidamc.es\/en\/wp-json\/wp\/v2\/posts\/2263\/revisions\/2269"}],"wp:featuredmedia":[{"embeddable":true,"href":"https:\/\/fidamc.es\/en\/wp-json\/wp\/v2\/media\/2264"}],"wp:attachment":[{"href":"https:\/\/fidamc.es\/en\/wp-json\/wp\/v2\/media?parent=2263"}],"wp:term":[{"taxonomy":"category","embeddable":true,"href":"https:\/\/fidamc.es\/en\/wp-json\/wp\/v2\/categories?post=2263"},{"taxonomy":"post_tag","embeddable":true,"href":"https:\/\/fidamc.es\/en\/wp-json\/wp\/v2\/tags?post=2263"}],"curies":[{"name":"wp","href":"https:\/\/api.w.org\/{rel}","templated":true}]}}