{"id":2323,"date":"2025-09-19T13:33:05","date_gmt":"2025-09-19T11:33:05","guid":{"rendered":"https:\/\/fidamc.es\/?p=2323"},"modified":"2026-01-29T12:30:39","modified_gmt":"2026-01-29T11:30:39","slug":"el-cfa-de-cadiz-se-inaugura-el-22-de-septiembre-un-nuevo-impulso-para-la-industria-andaluza","status":"publish","type":"post","link":"https:\/\/fidamc.es\/en\/el-cfa-de-cadiz-se-inaugura-el-22-de-septiembre-un-nuevo-impulso-para-la-industria-andaluza\/","title":{"rendered":"The CFA in C\u00e1diz opens on 22 September: a new boost for Andalusian industry"},"content":{"rendered":"[et_pb_section fb_built=\u00bb1&#8243; theme_builder_area=\u00bbpost_content\u00bb _builder_version=\u00bb4.27.4&#8243; _module_preset=\u00bbdefault\u00bb][et_pb_row _builder_version=\u00bb4.27.4&#8243; _module_preset=\u00bbdefault\u00bb theme_builder_area=\u00bbpost_content\u00bb][et_pb_column _builder_version=\u00bb4.27.4&#8243; _module_preset=\u00bbdefault\u00bb type=\u00bb4_4&#8243; theme_builder_area=\u00bbpost_content\u00bb][et_pb_text _builder_version=\u00bb4.27.4&#8243; _module_preset=\u00bbdefault\u00bb theme_builder_area=\u00bbpost_content\u00bb hover_enabled=\u00bb0&#8243; sticky_enabled=\u00bb0&#8243;]<p>On 22 September at 11:00 a.m., the Advanced Manufacturing Centre (CFA) in Cadiz will be officially inaugurated. This strategic project by the Regional Government of Andalusia represents an investment of more than \u20ac18 million, co-financed by ERDF funds. The event will be attended by prominent political and business figures from the community and will be presided over by the President of the Regional Government of Andalusia, Mr Juan Manuel Moreno Bonilla.<\/p>\n<p>Located in Puerto Real (C\u00e1diz), the CFA will open its doors with 1,700 m\u00b2 of facilities and state-of-the-art equipment, designed to become a meeting point for universities, technology centres and companies. Its objective is clear: to respond to the technological challenges of the future and contribute to improving the competitiveness of companies through innovation and technology transfer.<\/p>\n<h1>Cuatro \u00e1reas estrat\u00e9gicas<\/h1>\n<p>The centre is organised into four strategic areas: additive manufacturing, metrology and digitisation, robotics and drones. These technologies will be applied in sectors as diverse as naval, aeronautics and space, biomedical, automotive, construction and infrastructure, and renewable energy, promoting more sustainable, efficient and competitive solutions.<\/p>\n<p>The technical management of the CFA has been entrusted to Fidamc, a centre of excellence in R&amp;D&amp;I in composite materials with more than 20 years of experience. Its experience with large companies such as Airbus, Navantia, Talgo and Acciona ensures that the CFA will be launched with a multi-sector approach, focused on the real transfer of knowledge and the promotion of talent.<\/p>\n<p>The launch of the CFA comes at a time when Andalusian industry is gaining ground year after year. Although the service sector continues to dominate GDP, the latest data is revealing: in 2024, turnover in the industrial sector grew by 6.9%, exports exceeded \u20ac40 billion, and manufacturing advanced by 2.7%.<\/p>\n<p>With its imminent inauguration, the CFA in Cadiz is preparing to become a benchmark for innovation and collaboration, a driver of talent and economic development that will enable Andalusia to make a qualitative leap in its industrial and technological position.<\/p>[\/et_pb_text][\/et_pb_column][\/et_pb_row][\/et_pb_section]","protected":false},"excerpt":{"rendered":"<p>El pr\u00f3ximo 22 de septiembre a las 11:00 se inaugurar\u00e1 oficialmente el Centro de Fabricaci\u00f3n Avanzada (CFA) de C\u00e1diz, el proyecto estrat\u00e9gico de la Junta de Andaluc\u00eda que supone una inversi\u00f3n de m\u00e1s de 18 millones de euros, cofinanciados con fondos FEDER. El acto contar\u00e1 con la presencia de destacadas personalidades pol\u00edticas y empresariales de [&hellip;]<\/p>","protected":false},"author":1,"featured_media":2324,"comment_status":"open","ping_status":"open","sticky":false,"template":"","format":"standard","meta":{"_et_pb_use_builder":"on","_et_pb_old_content":"","_et_gb_content_width":"","footnotes":""},"categories":[9],"tags":[24,20],"class_list":["post-2323","post","type-post","status-publish","format-standard","has-post-thumbnail","hentry","category-eventos","tag-innovacion-aeroespacial","tag-materiales-compuestos"],"yoast_head":"<!-- This site is optimized with the Yoast SEO plugin v26.7 - https:\/\/yoast.com\/wordpress\/plugins\/seo\/ -->\r\n<title>El CFA de C\u00e1diz se inaugura el 22 de septiembre: un nuevo impulso para la industria andaluza - FIDAMC<\/title>\r\n<meta name=\"description\" content=\"El pr\u00f3ximo 22 de septiembre a las 11:00 se inaugurar\u00e1 oficialmente el Centro de Fabricaci\u00f3n Avanzada (CFA) de C\u00e1diz,\" \/>\r\n<meta name=\"robots\" content=\"index, follow, max-snippet:-1, max-image-preview:large, max-video-preview:-1\" \/>\r\n<link rel=\"canonical\" href=\"https:\/\/fidamc.es\/en\/el-cfa-de-cadiz-se-inaugura-el-22-de-septiembre-un-nuevo-impulso-para-la-industria-andaluza\/\" \/>\r\n<meta property=\"og:locale\" content=\"en_GB\" \/>\r\n<meta property=\"og:type\" content=\"article\" \/>\r\n<meta property=\"og:title\" content=\"El CFA de C\u00e1diz se inaugura el 22 de septiembre: un nuevo impulso para la industria andaluza - FIDAMC\" \/>\r\n<meta property=\"og:description\" content=\"El pr\u00f3ximo 22 de septiembre a las 11:00 se inaugurar\u00e1 oficialmente el Centro de Fabricaci\u00f3n Avanzada (CFA) de C\u00e1diz,\" \/>\r\n<meta property=\"og:url\" content=\"https:\/\/fidamc.es\/en\/el-cfa-de-cadiz-se-inaugura-el-22-de-septiembre-un-nuevo-impulso-para-la-industria-andaluza\/\" \/>\r\n<meta property=\"og:site_name\" content=\"FIDAMC\" \/>\r\n<meta property=\"article:published_time\" content=\"2025-09-19T11:33:05+00:00\" \/>\r\n<meta property=\"article:modified_time\" content=\"2026-01-29T11:30:39+00:00\" \/>\r\n<meta property=\"og:image\" content=\"https:\/\/fidamc.es\/wp-content\/uploads\/2025\/09\/foto-CFA.jpg\" \/>\r\n\t<meta property=\"og:image:width\" content=\"1600\" \/>\r\n\t<meta property=\"og:image:height\" content=\"747\" \/>\r\n\t<meta property=\"og:image:type\" content=\"image\/jpeg\" \/>\r\n<meta name=\"author\" content=\"fidamc\" \/>\r\n<meta name=\"twitter:card\" content=\"summary_large_image\" \/>\r\n<meta name=\"twitter:label1\" content=\"Written by\" \/>\n\t<meta name=\"twitter:data1\" content=\"fidamc\" \/>\n\t<meta name=\"twitter:label2\" content=\"Estimated reading time\" \/>\n\t<meta name=\"twitter:data2\" content=\"2 minutes\" \/>\r\n<script type=\"application\/ld+json\" class=\"yoast-schema-graph\">{\"@context\":\"https:\/\/schema.org\",\"@graph\":[{\"@type\":\"Article\",\"@id\":\"https:\/\/fidamc.es\/el-cfa-de-cadiz-se-inaugura-el-22-de-septiembre-un-nuevo-impulso-para-la-industria-andaluza\/#article\",\"isPartOf\":{\"@id\":\"https:\/\/fidamc.es\/el-cfa-de-cadiz-se-inaugura-el-22-de-septiembre-un-nuevo-impulso-para-la-industria-andaluza\/\"},\"author\":{\"name\":\"fidamc\",\"@id\":\"https:\/\/fidamc.es\/#\/schema\/person\/06feb300cd7ff3b3c0a2b03aa5f73b70\"},\"headline\":\"El CFA de C\u00e1diz se inaugura el 22 de septiembre: un nuevo impulso para la industria andaluza\",\"datePublished\":\"2025-09-19T11:33:05+00:00\",\"dateModified\":\"2026-01-29T11:30:39+00:00\",\"mainEntityOfPage\":{\"@id\":\"https:\/\/fidamc.es\/el-cfa-de-cadiz-se-inaugura-el-22-de-septiembre-un-nuevo-impulso-para-la-industria-andaluza\/\"},\"wordCount\":466,\"commentCount\":2,\"image\":{\"@id\":\"https:\/\/fidamc.es\/el-cfa-de-cadiz-se-inaugura-el-22-de-septiembre-un-nuevo-impulso-para-la-industria-andaluza\/#primaryimage\"},\"thumbnailUrl\":\"https:\/\/fidamc.es\/wp-content\/uploads\/2025\/09\/foto-CFA.jpg\",\"keywords\":[\"innovaci\u00f3n aeroespacial\",\"Materiales Compuestos\"],\"articleSection\":[\"Eventos\"],\"inLanguage\":\"en-GB\",\"potentialAction\":[{\"@type\":\"CommentAction\",\"name\":\"Comment\",\"target\":[\"https:\/\/fidamc.es\/el-cfa-de-cadiz-se-inaugura-el-22-de-septiembre-un-nuevo-impulso-para-la-industria-andaluza\/#respond\"]}]},{\"@type\":\"WebPage\",\"@id\":\"https:\/\/fidamc.es\/el-cfa-de-cadiz-se-inaugura-el-22-de-septiembre-un-nuevo-impulso-para-la-industria-andaluza\/\",\"url\":\"https:\/\/fidamc.es\/el-cfa-de-cadiz-se-inaugura-el-22-de-septiembre-un-nuevo-impulso-para-la-industria-andaluza\/\",\"name\":\"El CFA de C\u00e1diz se inaugura el 22 de septiembre: un nuevo impulso para la industria andaluza - FIDAMC\",\"isPartOf\":{\"@id\":\"https:\/\/fidamc.es\/#website\"},\"primaryImageOfPage\":{\"@id\":\"https:\/\/fidamc.es\/el-cfa-de-cadiz-se-inaugura-el-22-de-septiembre-un-nuevo-impulso-para-la-industria-andaluza\/#primaryimage\"},\"image\":{\"@id\":\"https:\/\/fidamc.es\/el-cfa-de-cadiz-se-inaugura-el-22-de-septiembre-un-nuevo-impulso-para-la-industria-andaluza\/#primaryimage\"},\"thumbnailUrl\":\"https:\/\/fidamc.es\/wp-content\/uploads\/2025\/09\/foto-CFA.jpg\",\"datePublished\":\"2025-09-19T11:33:05+00:00\",\"dateModified\":\"2026-01-29T11:30:39+00:00\",\"author\":{\"@id\":\"https:\/\/fidamc.es\/#\/schema\/person\/06feb300cd7ff3b3c0a2b03aa5f73b70\"},\"description\":\"El pr\u00f3ximo 22 de septiembre a las 11:00 se inaugurar\u00e1 oficialmente el Centro de Fabricaci\u00f3n Avanzada (CFA) de C\u00e1diz,\",\"breadcrumb\":{\"@id\":\"https:\/\/fidamc.es\/el-cfa-de-cadiz-se-inaugura-el-22-de-septiembre-un-nuevo-impulso-para-la-industria-andaluza\/#breadcrumb\"},\"inLanguage\":\"en-GB\",\"potentialAction\":[{\"@type\":\"ReadAction\",\"target\":[\"https:\/\/fidamc.es\/el-cfa-de-cadiz-se-inaugura-el-22-de-septiembre-un-nuevo-impulso-para-la-industria-andaluza\/\"]}]},{\"@type\":\"ImageObject\",\"inLanguage\":\"en-GB\",\"@id\":\"https:\/\/fidamc.es\/el-cfa-de-cadiz-se-inaugura-el-22-de-septiembre-un-nuevo-impulso-para-la-industria-andaluza\/#primaryimage\",\"url\":\"https:\/\/fidamc.es\/wp-content\/uploads\/2025\/09\/foto-CFA.jpg\",\"contentUrl\":\"https:\/\/fidamc.es\/wp-content\/uploads\/2025\/09\/foto-CFA.jpg\",\"width\":1600,\"height\":747},{\"@type\":\"BreadcrumbList\",\"@id\":\"https:\/\/fidamc.es\/el-cfa-de-cadiz-se-inaugura-el-22-de-septiembre-un-nuevo-impulso-para-la-industria-andaluza\/#breadcrumb\",\"itemListElement\":[{\"@type\":\"ListItem\",\"position\":1,\"name\":\"Portada\",\"item\":\"https:\/\/fidamc.es\/\"},{\"@type\":\"ListItem\",\"position\":2,\"name\":\"El CFA de C\u00e1diz se inaugura el 22 de septiembre: un nuevo impulso para la industria andaluza\"}]},{\"@type\":\"WebSite\",\"@id\":\"https:\/\/fidamc.es\/#website\",\"url\":\"https:\/\/fidamc.es\/\",\"name\":\"FIDAMC\",\"description\":\"Research, Development and Application of Composite Materials\",\"potentialAction\":[{\"@type\":\"SearchAction\",\"target\":{\"@type\":\"EntryPoint\",\"urlTemplate\":\"https:\/\/fidamc.es\/?s={search_term_string}\"},\"query-input\":{\"@type\":\"PropertyValueSpecification\",\"valueRequired\":true,\"valueName\":\"search_term_string\"}}],\"inLanguage\":\"en-GB\"},{\"@type\":\"Person\",\"@id\":\"https:\/\/fidamc.es\/#\/schema\/person\/06feb300cd7ff3b3c0a2b03aa5f73b70\",\"name\":\"fidamc\",\"image\":{\"@type\":\"ImageObject\",\"inLanguage\":\"en-GB\",\"@id\":\"https:\/\/fidamc.es\/#\/schema\/person\/image\/\",\"url\":\"https:\/\/secure.gravatar.com\/avatar\/a6670502f5dce3955f76dda9a01536b69bbcd83706dc4c46f5eba56aad168cc7?s=96&d=mm&r=g\",\"contentUrl\":\"https:\/\/secure.gravatar.com\/avatar\/a6670502f5dce3955f76dda9a01536b69bbcd83706dc4c46f5eba56aad168cc7?s=96&d=mm&r=g\",\"caption\":\"fidamc\"},\"sameAs\":[\"https:\/\/fidamc.es\"],\"url\":\"https:\/\/fidamc.es\/en\/author\/fidamc\/\"}]}<\/script>\r\n<!-- \/ Yoast SEO plugin. -->","yoast_head_json":{"title":"El CFA de C\u00e1diz se inaugura el 22 de septiembre: un nuevo impulso para la industria andaluza - FIDAMC","description":"El pr\u00f3ximo 22 de septiembre a las 11:00 se inaugurar\u00e1 oficialmente el Centro de Fabricaci\u00f3n Avanzada (CFA) de C\u00e1diz,","robots":{"index":"index","follow":"follow","max-snippet":"max-snippet:-1","max-image-preview":"max-image-preview:large","max-video-preview":"max-video-preview:-1"},"canonical":"https:\/\/fidamc.es\/en\/el-cfa-de-cadiz-se-inaugura-el-22-de-septiembre-un-nuevo-impulso-para-la-industria-andaluza\/","og_locale":"en_GB","og_type":"article","og_title":"El CFA de C\u00e1diz se inaugura el 22 de septiembre: un nuevo impulso para la industria andaluza - FIDAMC","og_description":"El pr\u00f3ximo 22 de septiembre a las 11:00 se inaugurar\u00e1 oficialmente el Centro de Fabricaci\u00f3n Avanzada (CFA) de C\u00e1diz,","og_url":"https:\/\/fidamc.es\/en\/el-cfa-de-cadiz-se-inaugura-el-22-de-septiembre-un-nuevo-impulso-para-la-industria-andaluza\/","og_site_name":"FIDAMC","article_published_time":"2025-09-19T11:33:05+00:00","article_modified_time":"2026-01-29T11:30:39+00:00","og_image":[{"width":1600,"height":747,"url":"https:\/\/fidamc.es\/wp-content\/uploads\/2025\/09\/foto-CFA.jpg","type":"image\/jpeg"}],"author":"fidamc","twitter_card":"summary_large_image","twitter_misc":{"Written by":"fidamc","Estimated reading time":"2 minutes"},"schema":{"@context":"https:\/\/schema.org","@graph":[{"@type":"Article","@id":"https:\/\/fidamc.es\/el-cfa-de-cadiz-se-inaugura-el-22-de-septiembre-un-nuevo-impulso-para-la-industria-andaluza\/#article","isPartOf":{"@id":"https:\/\/fidamc.es\/el-cfa-de-cadiz-se-inaugura-el-22-de-septiembre-un-nuevo-impulso-para-la-industria-andaluza\/"},"author":{"name":"fidamc","@id":"https:\/\/fidamc.es\/#\/schema\/person\/06feb300cd7ff3b3c0a2b03aa5f73b70"},"headline":"El CFA de C\u00e1diz se inaugura el 22 de septiembre: un nuevo impulso para la industria andaluza","datePublished":"2025-09-19T11:33:05+00:00","dateModified":"2026-01-29T11:30:39+00:00","mainEntityOfPage":{"@id":"https:\/\/fidamc.es\/el-cfa-de-cadiz-se-inaugura-el-22-de-septiembre-un-nuevo-impulso-para-la-industria-andaluza\/"},"wordCount":466,"commentCount":2,"image":{"@id":"https:\/\/fidamc.es\/el-cfa-de-cadiz-se-inaugura-el-22-de-septiembre-un-nuevo-impulso-para-la-industria-andaluza\/#primaryimage"},"thumbnailUrl":"https:\/\/fidamc.es\/wp-content\/uploads\/2025\/09\/foto-CFA.jpg","keywords":["innovaci\u00f3n aeroespacial","Materiales Compuestos"],"articleSection":["Eventos"],"inLanguage":"en-GB","potentialAction":[{"@type":"CommentAction","name":"Comment","target":["https:\/\/fidamc.es\/el-cfa-de-cadiz-se-inaugura-el-22-de-septiembre-un-nuevo-impulso-para-la-industria-andaluza\/#respond"]}]},{"@type":"WebPage","@id":"https:\/\/fidamc.es\/el-cfa-de-cadiz-se-inaugura-el-22-de-septiembre-un-nuevo-impulso-para-la-industria-andaluza\/","url":"https:\/\/fidamc.es\/el-cfa-de-cadiz-se-inaugura-el-22-de-septiembre-un-nuevo-impulso-para-la-industria-andaluza\/","name":"El CFA de C\u00e1diz se inaugura el 22 de septiembre: un nuevo impulso para la industria andaluza - FIDAMC","isPartOf":{"@id":"https:\/\/fidamc.es\/#website"},"primaryImageOfPage":{"@id":"https:\/\/fidamc.es\/el-cfa-de-cadiz-se-inaugura-el-22-de-septiembre-un-nuevo-impulso-para-la-industria-andaluza\/#primaryimage"},"image":{"@id":"https:\/\/fidamc.es\/el-cfa-de-cadiz-se-inaugura-el-22-de-septiembre-un-nuevo-impulso-para-la-industria-andaluza\/#primaryimage"},"thumbnailUrl":"https:\/\/fidamc.es\/wp-content\/uploads\/2025\/09\/foto-CFA.jpg","datePublished":"2025-09-19T11:33:05+00:00","dateModified":"2026-01-29T11:30:39+00:00","author":{"@id":"https:\/\/fidamc.es\/#\/schema\/person\/06feb300cd7ff3b3c0a2b03aa5f73b70"},"description":"El pr\u00f3ximo 22 de septiembre a las 11:00 se inaugurar\u00e1 oficialmente el Centro de Fabricaci\u00f3n Avanzada (CFA) de C\u00e1diz,","breadcrumb":{"@id":"https:\/\/fidamc.es\/el-cfa-de-cadiz-se-inaugura-el-22-de-septiembre-un-nuevo-impulso-para-la-industria-andaluza\/#breadcrumb"},"inLanguage":"en-GB","potentialAction":[{"@type":"ReadAction","target":["https:\/\/fidamc.es\/el-cfa-de-cadiz-se-inaugura-el-22-de-septiembre-un-nuevo-impulso-para-la-industria-andaluza\/"]}]},{"@type":"ImageObject","inLanguage":"en-GB","@id":"https:\/\/fidamc.es\/el-cfa-de-cadiz-se-inaugura-el-22-de-septiembre-un-nuevo-impulso-para-la-industria-andaluza\/#primaryimage","url":"https:\/\/fidamc.es\/wp-content\/uploads\/2025\/09\/foto-CFA.jpg","contentUrl":"https:\/\/fidamc.es\/wp-content\/uploads\/2025\/09\/foto-CFA.jpg","width":1600,"height":747},{"@type":"BreadcrumbList","@id":"https:\/\/fidamc.es\/el-cfa-de-cadiz-se-inaugura-el-22-de-septiembre-un-nuevo-impulso-para-la-industria-andaluza\/#breadcrumb","itemListElement":[{"@type":"ListItem","position":1,"name":"Portada","item":"https:\/\/fidamc.es\/"},{"@type":"ListItem","position":2,"name":"El CFA de C\u00e1diz se inaugura el 22 de septiembre: un nuevo impulso para la industria andaluza"}]},{"@type":"WebSite","@id":"https:\/\/fidamc.es\/#website","url":"https:\/\/fidamc.es\/","name":"FIDAMC","description":"Research, Development and Application of Composite Materials","potentialAction":[{"@type":"SearchAction","target":{"@type":"EntryPoint","urlTemplate":"https:\/\/fidamc.es\/?s={search_term_string}"},"query-input":{"@type":"PropertyValueSpecification","valueRequired":true,"valueName":"search_term_string"}}],"inLanguage":"en-GB"},{"@type":"Person","@id":"https:\/\/fidamc.es\/#\/schema\/person\/06feb300cd7ff3b3c0a2b03aa5f73b70","name":"fidamc","image":{"@type":"ImageObject","inLanguage":"en-GB","@id":"https:\/\/fidamc.es\/#\/schema\/person\/image\/","url":"https:\/\/secure.gravatar.com\/avatar\/a6670502f5dce3955f76dda9a01536b69bbcd83706dc4c46f5eba56aad168cc7?s=96&d=mm&r=g","contentUrl":"https:\/\/secure.gravatar.com\/avatar\/a6670502f5dce3955f76dda9a01536b69bbcd83706dc4c46f5eba56aad168cc7?s=96&d=mm&r=g","caption":"fidamc"},"sameAs":["https:\/\/fidamc.es"],"url":"https:\/\/fidamc.es\/en\/author\/fidamc\/"}]}},"_links":{"self":[{"href":"https:\/\/fidamc.es\/en\/wp-json\/wp\/v2\/posts\/2323","targetHints":{"allow":["GET"]}}],"collection":[{"href":"https:\/\/fidamc.es\/en\/wp-json\/wp\/v2\/posts"}],"about":[{"href":"https:\/\/fidamc.es\/en\/wp-json\/wp\/v2\/types\/post"}],"author":[{"embeddable":true,"href":"https:\/\/fidamc.es\/en\/wp-json\/wp\/v2\/users\/1"}],"replies":[{"embeddable":true,"href":"https:\/\/fidamc.es\/en\/wp-json\/wp\/v2\/comments?post=2323"}],"version-history":[{"count":4,"href":"https:\/\/fidamc.es\/en\/wp-json\/wp\/v2\/posts\/2323\/revisions"}],"predecessor-version":[{"id":2328,"href":"https:\/\/fidamc.es\/en\/wp-json\/wp\/v2\/posts\/2323\/revisions\/2328"}],"wp:featuredmedia":[{"embeddable":true,"href":"https:\/\/fidamc.es\/en\/wp-json\/wp\/v2\/media\/2324"}],"wp:attachment":[{"href":"https:\/\/fidamc.es\/en\/wp-json\/wp\/v2\/media?parent=2323"}],"wp:term":[{"taxonomy":"category","embeddable":true,"href":"https:\/\/fidamc.es\/en\/wp-json\/wp\/v2\/categories?post=2323"},{"taxonomy":"post_tag","embeddable":true,"href":"https:\/\/fidamc.es\/en\/wp-json\/wp\/v2\/tags?post=2323"}],"curies":[{"name":"wp","href":"https:\/\/api.w.org\/{rel}","templated":true}]}}