{"id":2758,"date":"2025-11-08T21:56:56","date_gmt":"2025-11-08T20:56:56","guid":{"rendered":"https:\/\/fidamc.es\/?p=2758"},"modified":"2026-01-29T12:32:37","modified_gmt":"2026-01-29T11:32:37","slug":"claves-de-la-estrategia-aeroespacial-y-oportunidades-de-financiacion","status":"publish","type":"post","link":"https:\/\/fidamc.es\/en\/claves-de-la-estrategia-aeroespacial-y-oportunidades-de-financiacion\/","title":{"rendered":"Key aspects of aerospace strategy and funding opportunities"},"content":{"rendered":"<p>[et_pb_section fb_built=\u00bb1&#8243; theme_builder_area=\u00bbpost_content\u00bb _builder_version=\u00bb4.27.4&#8243; _module_preset=\u00bbdefault\u00bb][et_pb_row _builder_version=\u00bb4.27.4&#8243; _module_preset=\u00bbdefault\u00bb theme_builder_area=\u00bbpost_content\u00bb][et_pb_column _builder_version=\u00bb4.27.4&#8243; _module_preset=\u00bbdefault\u00bb type=\u00bb4_4&#8243; theme_builder_area=\u00bbpost_content\u00bb][et_pb_text _builder_version=\u00bb4.27.4&#8243; _module_preset=\u00bbdefault\u00bb theme_builder_area=\u00bbpost_content\u00bb hover_enabled=\u00bb0&#8243; sticky_enabled=\u00bb0&#8243;]<\/p>\n<p>The first round table of the Aerospace Thermoplastics International Summit, organised by Fidamc, opened the event with a reflection on Spain's aerospace strategy and the funding opportunities that will shape the future of the sector. Under the title <em>\"Aerospace strategy and funding opportunities\"<\/em>, the round table brought together leading institutional and business representatives: <strong>Juan Francisco Reyes<\/strong> (Horizon Europe NCP \u2013 CDTI), <strong>Jos\u00e9 Javier Mart\u00edn Ca\u00f1izares<\/strong> (Regional Government of Andalusia), <strong>Jaume Marcos<\/strong> (President of PAE) and <strong>H\u00e9ctor Guerrero<\/strong> Ministry of Science, Innovation and Universities), moderated by <strong>Silvia Lazcano<\/strong>, independent advisor and expert in innovation and aeronautics.<\/p>\n<p>From the outset, <strong>Silvia Lazcano<\/strong> framed the debate in the context of a changing cycle: \"We are at a point where we must raise our level of ambition and create new ways of collaborating to position our companies in the European and international context.\"<\/p>\n<p>The first to speak, <strong>Jos\u00e9 Javier Mart\u00edn Ca\u00f1izares<\/strong>, highlighted Andalusia's commitment to a <strong>solid and sustainable aerospace strategy<\/strong>: \"We began working on our strategy with the sector in 2019, and it has a horizon of 2027,\" he explained. With sustained growth, the Andalusian sector already accounts for <strong>13.8% of industrial GDP<\/strong> and exceeded <strong>\u20ac2.9 billion in turnover<\/strong> in 2024. Mart\u00edn Ca\u00f1izares also stressed the importance of <strong>training and internationalisation<\/strong>, and announced initiatives such as <em>the Zero Net Emission Aerospace Hub<\/em> in Jerez, \"a commitment to sustainable aviation, talent recruitment and the attraction of industrial services\".<\/p>\n<p>For his part, <strong>H\u00e9ctor Guerrero<\/strong>, Deputy Director General of Aerospace Policy and Strategy, PERTE Aerospace - Ministry of Science, Innovation and Universities) placed the conversation on a national and European level. \"If anything is going to accelerate on planet Earth, it is the aerospace economy,\" he said. Guerrero announced the evolution of PERTE Aerospace towards a new phase, with which \"we intend to involve the whole of society in the value of the sector and lay the foundations for sustained investment in the future\". He also stressed the need to \u2018cooperate at different levels, interregional and European, around national ideas to advance key technologies such as composite materials for hydrogen cryogenics\".<\/p>\n<p>From a European perspective, <strong>Juan Francisco Reyes (CDTI)<\/strong> analysed funding opportunities within the framework of <strong>Horizon Europe<\/strong> and the programmes <strong>Clean Aviation and SESAR<\/strong>. \"Spain does very well when it can compete,\u2019 he said, although he warned that \u2018the current calls for proposals concentrate a lot of the budget on a few topics, which limits the ability of SMEs to participate.\" Even so, he encouraged Spanish entities to position themselves in large European consortia and anticipate the new programmes for 2027.<\/p>\n<p>Closed the presentations <strong>Jaume Marcos<\/strong>, president of <strong>PAE<\/strong>, by highlighting the country's industrial capabilities: \"Spain is one of the few countries capable of designing, developing, producing and flying a complete aircraft.\" He pointed out that past investment in composite materials and complex structures \"has resulted in a solid industrial footprint today\" and highlighted the great opportunities that will be brought about by upcoming aviation and defence programmes, especially the <strong>replacement of single-aisle aircraft<\/strong> and the <strong>Spanish Security and Defence Technology Plan.<\/strong>.<\/p>\n<p>The round table concluded with a unanimous call <strong>for public-private collaboration and long-term vision<\/strong>. As Lazcano summarised: \"Anticipation and strategic planning will be key to maintaining Spain's leadership in a sector that is entering a phase of exponential expansion.\"<\/p>\n<p>[\/et_pb_text][\/et_pb_column][\/et_pb_row][et_pb_row _builder_version=\u00bb4.27.4&#8243; _module_preset=\u00bbdefault\u00bb theme_builder_area=\u00bbpost_content\u00bb][et_pb_column _builder_version=\u00bb4.27.4&#8243; _module_preset=\u00bbdefault\u00bb type=\u00bb4_4&#8243; theme_builder_area=\u00bbpost_content\u00bb][et_pb_gallery _builder_version=\u00bb4.27.4&#8243; _module_preset=\u00bbdefault\u00bb theme_builder_area=\u00bbpost_content\u00bb gallery_ids=\u00bb2762,2764,2765,2767,2768,2769,2770,2771,2772,2763&#8243; hover_enabled=\u00bb0&#8243; sticky_enabled=\u00bb0&#8243;][\/et_pb_gallery][et_pb_video src=\u00bbhttps:\/\/youtu.be\/HPUDu4fOHBY?si=Kabc8Y2ZX7w1kcSQ\u00bb _builder_version=\u00bb4.27.4&#8243; _module_preset=\u00bbdefault\u00bb theme_builder_area=\u00bbpost_content\u00bb image_src=\u00bb\/\/i.ytimg.com\/vi\/HPUDu4fOHBY\/hqdefault.jpg\u00bb hover_enabled=\u00bb0&#8243; sticky_enabled=\u00bb0&#8243;][\/et_pb_video][\/et_pb_column][\/et_pb_row][\/et_pb_section]<\/p>","protected":false},"excerpt":{"rendered":"<p>La primera mesa redonda del Aerospace Thermoplastics International Summit, organizada por Fidamc, abri\u00f3 el evento con una reflexi\u00f3n sobre la estrategia aeroespacial espa\u00f1ola y las oportunidades de financiaci\u00f3n que marcar\u00e1n el futuro del sector. Bajo el t\u00edtulo \u201cEstrategia aeroespacial y oportunidades de financiaci\u00f3n\u201d, la mesa reuni\u00f3 a destacados representantes institucionales y empresariales: Juan Francisco Reyes [&hellip;]<\/p>","protected":false},"author":1,"featured_media":2759,"comment_status":"open","ping_status":"open","sticky":false,"template":"","format":"standard","meta":{"_et_pb_use_builder":"on","_et_pb_old_content":"","_et_gb_content_width":"","footnotes":""},"categories":[9],"tags":[],"class_list":["post-2758","post","type-post","status-publish","format-standard","has-post-thumbnail","hentry","category-eventos"],"yoast_head":"<!-- This site is optimized with the Yoast SEO plugin v26.7 - https:\/\/yoast.com\/wordpress\/plugins\/seo\/ -->\r\n<title>Claves de la estrategia aeroespacial y oportunidades de financiaci\u00f3n - FIDAMC<\/title>\r\n<meta name=\"robots\" content=\"index, follow, max-snippet:-1, max-image-preview:large, max-video-preview:-1\" \/>\r\n<link rel=\"canonical\" href=\"https:\/\/fidamc.es\/en\/claves-de-la-estrategia-aeroespacial-y-oportunidades-de-financiacion\/\" \/>\r\n<meta property=\"og:locale\" content=\"en_GB\" \/>\r\n<meta property=\"og:type\" content=\"article\" \/>\r\n<meta property=\"og:title\" content=\"Claves de la estrategia aeroespacial y oportunidades de financiaci\u00f3n - FIDAMC\" \/>\r\n<meta property=\"og:description\" content=\"La primera mesa redonda del Aerospace Thermoplastics International Summit, organizada por Fidamc, abri\u00f3 el evento con una reflexi\u00f3n sobre la estrategia aeroespacial espa\u00f1ola y las oportunidades de financiaci\u00f3n que marcar\u00e1n el futuro del sector. Bajo el t\u00edtulo \u201cEstrategia aeroespacial y oportunidades de financiaci\u00f3n\u201d, la mesa reuni\u00f3 a destacados representantes institucionales y empresariales: Juan Francisco Reyes [&hellip;]\" \/>\r\n<meta property=\"og:url\" content=\"https:\/\/fidamc.es\/en\/claves-de-la-estrategia-aeroespacial-y-oportunidades-de-financiacion\/\" \/>\r\n<meta property=\"og:site_name\" content=\"FIDAMC\" \/>\r\n<meta property=\"article:published_time\" content=\"2025-11-08T20:56:56+00:00\" \/>\r\n<meta property=\"article:modified_time\" content=\"2026-01-29T11:32:37+00:00\" \/>\r\n<meta property=\"og:image\" content=\"https:\/\/fidamc.es\/wp-content\/uploads\/2025\/11\/Fidamc_Summit_Grupos_001-1-scaled.jpeg\" \/>\r\n\t<meta property=\"og:image:width\" content=\"2560\" \/>\r\n\t<meta property=\"og:image:height\" content=\"1707\" \/>\r\n\t<meta property=\"og:image:type\" content=\"image\/jpeg\" \/>\r\n<meta name=\"author\" content=\"fidamc\" \/>\r\n<meta name=\"twitter:card\" content=\"summary_large_image\" \/>\r\n<meta name=\"twitter:label1\" content=\"Written by\" \/>\n\t<meta name=\"twitter:data1\" content=\"fidamc\" \/>\n\t<meta name=\"twitter:label2\" content=\"Estimated reading time\" \/>\n\t<meta name=\"twitter:data2\" content=\"1 minute\" \/>\r\n<script type=\"application\/ld+json\" class=\"yoast-schema-graph\">{\"@context\":\"https:\/\/schema.org\",\"@graph\":[{\"@type\":\"Article\",\"@id\":\"https:\/\/fidamc.es\/claves-de-la-estrategia-aeroespacial-y-oportunidades-de-financiacion\/#article\",\"isPartOf\":{\"@id\":\"https:\/\/fidamc.es\/claves-de-la-estrategia-aeroespacial-y-oportunidades-de-financiacion\/\"},\"author\":{\"name\":\"fidamc\",\"@id\":\"https:\/\/fidamc.es\/#\/schema\/person\/06feb300cd7ff3b3c0a2b03aa5f73b70\"},\"headline\":\"Claves de la estrategia aeroespacial y oportunidades de financiaci\u00f3n\",\"datePublished\":\"2025-11-08T20:56:56+00:00\",\"dateModified\":\"2026-01-29T11:32:37+00:00\",\"mainEntityOfPage\":{\"@id\":\"https:\/\/fidamc.es\/claves-de-la-estrategia-aeroespacial-y-oportunidades-de-financiacion\/\"},\"wordCount\":807,\"commentCount\":0,\"image\":{\"@id\":\"https:\/\/fidamc.es\/claves-de-la-estrategia-aeroespacial-y-oportunidades-de-financiacion\/#primaryimage\"},\"thumbnailUrl\":\"https:\/\/fidamc.es\/wp-content\/uploads\/2025\/11\/Fidamc_Summit_Grupos_001-1-scaled.jpeg\",\"articleSection\":[\"Eventos\"],\"inLanguage\":\"en-GB\",\"potentialAction\":[{\"@type\":\"CommentAction\",\"name\":\"Comment\",\"target\":[\"https:\/\/fidamc.es\/claves-de-la-estrategia-aeroespacial-y-oportunidades-de-financiacion\/#respond\"]}]},{\"@type\":\"WebPage\",\"@id\":\"https:\/\/fidamc.es\/claves-de-la-estrategia-aeroespacial-y-oportunidades-de-financiacion\/\",\"url\":\"https:\/\/fidamc.es\/claves-de-la-estrategia-aeroespacial-y-oportunidades-de-financiacion\/\",\"name\":\"Claves de la estrategia aeroespacial y oportunidades de financiaci\u00f3n - FIDAMC\",\"isPartOf\":{\"@id\":\"https:\/\/fidamc.es\/#website\"},\"primaryImageOfPage\":{\"@id\":\"https:\/\/fidamc.es\/claves-de-la-estrategia-aeroespacial-y-oportunidades-de-financiacion\/#primaryimage\"},\"image\":{\"@id\":\"https:\/\/fidamc.es\/claves-de-la-estrategia-aeroespacial-y-oportunidades-de-financiacion\/#primaryimage\"},\"thumbnailUrl\":\"https:\/\/fidamc.es\/wp-content\/uploads\/2025\/11\/Fidamc_Summit_Grupos_001-1-scaled.jpeg\",\"datePublished\":\"2025-11-08T20:56:56+00:00\",\"dateModified\":\"2026-01-29T11:32:37+00:00\",\"author\":{\"@id\":\"https:\/\/fidamc.es\/#\/schema\/person\/06feb300cd7ff3b3c0a2b03aa5f73b70\"},\"breadcrumb\":{\"@id\":\"https:\/\/fidamc.es\/claves-de-la-estrategia-aeroespacial-y-oportunidades-de-financiacion\/#breadcrumb\"},\"inLanguage\":\"en-GB\",\"potentialAction\":[{\"@type\":\"ReadAction\",\"target\":[\"https:\/\/fidamc.es\/claves-de-la-estrategia-aeroespacial-y-oportunidades-de-financiacion\/\"]}]},{\"@type\":\"ImageObject\",\"inLanguage\":\"en-GB\",\"@id\":\"https:\/\/fidamc.es\/claves-de-la-estrategia-aeroespacial-y-oportunidades-de-financiacion\/#primaryimage\",\"url\":\"https:\/\/fidamc.es\/wp-content\/uploads\/2025\/11\/Fidamc_Summit_Grupos_001-1-scaled.jpeg\",\"contentUrl\":\"https:\/\/fidamc.es\/wp-content\/uploads\/2025\/11\/Fidamc_Summit_Grupos_001-1-scaled.jpeg\",\"width\":2560,\"height\":1707},{\"@type\":\"BreadcrumbList\",\"@id\":\"https:\/\/fidamc.es\/claves-de-la-estrategia-aeroespacial-y-oportunidades-de-financiacion\/#breadcrumb\",\"itemListElement\":[{\"@type\":\"ListItem\",\"position\":1,\"name\":\"Portada\",\"item\":\"https:\/\/fidamc.es\/\"},{\"@type\":\"ListItem\",\"position\":2,\"name\":\"Claves de la estrategia aeroespacial y oportunidades de financiaci\u00f3n\"}]},{\"@type\":\"WebSite\",\"@id\":\"https:\/\/fidamc.es\/#website\",\"url\":\"https:\/\/fidamc.es\/\",\"name\":\"FIDAMC\",\"description\":\"Research, Development and Application of Composite Materials\",\"potentialAction\":[{\"@type\":\"SearchAction\",\"target\":{\"@type\":\"EntryPoint\",\"urlTemplate\":\"https:\/\/fidamc.es\/?s={search_term_string}\"},\"query-input\":{\"@type\":\"PropertyValueSpecification\",\"valueRequired\":true,\"valueName\":\"search_term_string\"}}],\"inLanguage\":\"en-GB\"},{\"@type\":\"Person\",\"@id\":\"https:\/\/fidamc.es\/#\/schema\/person\/06feb300cd7ff3b3c0a2b03aa5f73b70\",\"name\":\"fidamc\",\"image\":{\"@type\":\"ImageObject\",\"inLanguage\":\"en-GB\",\"@id\":\"https:\/\/fidamc.es\/#\/schema\/person\/image\/\",\"url\":\"https:\/\/secure.gravatar.com\/avatar\/a6670502f5dce3955f76dda9a01536b69bbcd83706dc4c46f5eba56aad168cc7?s=96&d=mm&r=g\",\"contentUrl\":\"https:\/\/secure.gravatar.com\/avatar\/a6670502f5dce3955f76dda9a01536b69bbcd83706dc4c46f5eba56aad168cc7?s=96&d=mm&r=g\",\"caption\":\"fidamc\"},\"sameAs\":[\"https:\/\/fidamc.es\"],\"url\":\"https:\/\/fidamc.es\/en\/author\/fidamc\/\"}]}<\/script>\r\n<!-- \/ Yoast SEO plugin. -->","yoast_head_json":{"title":"Claves de la estrategia aeroespacial y oportunidades de financiaci\u00f3n - FIDAMC","robots":{"index":"index","follow":"follow","max-snippet":"max-snippet:-1","max-image-preview":"max-image-preview:large","max-video-preview":"max-video-preview:-1"},"canonical":"https:\/\/fidamc.es\/en\/claves-de-la-estrategia-aeroespacial-y-oportunidades-de-financiacion\/","og_locale":"en_GB","og_type":"article","og_title":"Claves de la estrategia aeroespacial y oportunidades de financiaci\u00f3n - FIDAMC","og_description":"La primera mesa redonda del Aerospace Thermoplastics International Summit, organizada por Fidamc, abri\u00f3 el evento con una reflexi\u00f3n sobre la estrategia aeroespacial espa\u00f1ola y las oportunidades de financiaci\u00f3n que marcar\u00e1n el futuro del sector. Bajo el t\u00edtulo \u201cEstrategia aeroespacial y oportunidades de financiaci\u00f3n\u201d, la mesa reuni\u00f3 a destacados representantes institucionales y empresariales: Juan Francisco Reyes [&hellip;]","og_url":"https:\/\/fidamc.es\/en\/claves-de-la-estrategia-aeroespacial-y-oportunidades-de-financiacion\/","og_site_name":"FIDAMC","article_published_time":"2025-11-08T20:56:56+00:00","article_modified_time":"2026-01-29T11:32:37+00:00","og_image":[{"width":2560,"height":1707,"url":"https:\/\/fidamc.es\/wp-content\/uploads\/2025\/11\/Fidamc_Summit_Grupos_001-1-scaled.jpeg","type":"image\/jpeg"}],"author":"fidamc","twitter_card":"summary_large_image","twitter_misc":{"Written by":"fidamc","Estimated reading time":"1 minute"},"schema":{"@context":"https:\/\/schema.org","@graph":[{"@type":"Article","@id":"https:\/\/fidamc.es\/claves-de-la-estrategia-aeroespacial-y-oportunidades-de-financiacion\/#article","isPartOf":{"@id":"https:\/\/fidamc.es\/claves-de-la-estrategia-aeroespacial-y-oportunidades-de-financiacion\/"},"author":{"name":"fidamc","@id":"https:\/\/fidamc.es\/#\/schema\/person\/06feb300cd7ff3b3c0a2b03aa5f73b70"},"headline":"Claves de la estrategia aeroespacial y oportunidades de financiaci\u00f3n","datePublished":"2025-11-08T20:56:56+00:00","dateModified":"2026-01-29T11:32:37+00:00","mainEntityOfPage":{"@id":"https:\/\/fidamc.es\/claves-de-la-estrategia-aeroespacial-y-oportunidades-de-financiacion\/"},"wordCount":807,"commentCount":0,"image":{"@id":"https:\/\/fidamc.es\/claves-de-la-estrategia-aeroespacial-y-oportunidades-de-financiacion\/#primaryimage"},"thumbnailUrl":"https:\/\/fidamc.es\/wp-content\/uploads\/2025\/11\/Fidamc_Summit_Grupos_001-1-scaled.jpeg","articleSection":["Eventos"],"inLanguage":"en-GB","potentialAction":[{"@type":"CommentAction","name":"Comment","target":["https:\/\/fidamc.es\/claves-de-la-estrategia-aeroespacial-y-oportunidades-de-financiacion\/#respond"]}]},{"@type":"WebPage","@id":"https:\/\/fidamc.es\/claves-de-la-estrategia-aeroespacial-y-oportunidades-de-financiacion\/","url":"https:\/\/fidamc.es\/claves-de-la-estrategia-aeroespacial-y-oportunidades-de-financiacion\/","name":"Claves de la estrategia aeroespacial y oportunidades de financiaci\u00f3n - FIDAMC","isPartOf":{"@id":"https:\/\/fidamc.es\/#website"},"primaryImageOfPage":{"@id":"https:\/\/fidamc.es\/claves-de-la-estrategia-aeroespacial-y-oportunidades-de-financiacion\/#primaryimage"},"image":{"@id":"https:\/\/fidamc.es\/claves-de-la-estrategia-aeroespacial-y-oportunidades-de-financiacion\/#primaryimage"},"thumbnailUrl":"https:\/\/fidamc.es\/wp-content\/uploads\/2025\/11\/Fidamc_Summit_Grupos_001-1-scaled.jpeg","datePublished":"2025-11-08T20:56:56+00:00","dateModified":"2026-01-29T11:32:37+00:00","author":{"@id":"https:\/\/fidamc.es\/#\/schema\/person\/06feb300cd7ff3b3c0a2b03aa5f73b70"},"breadcrumb":{"@id":"https:\/\/fidamc.es\/claves-de-la-estrategia-aeroespacial-y-oportunidades-de-financiacion\/#breadcrumb"},"inLanguage":"en-GB","potentialAction":[{"@type":"ReadAction","target":["https:\/\/fidamc.es\/claves-de-la-estrategia-aeroespacial-y-oportunidades-de-financiacion\/"]}]},{"@type":"ImageObject","inLanguage":"en-GB","@id":"https:\/\/fidamc.es\/claves-de-la-estrategia-aeroespacial-y-oportunidades-de-financiacion\/#primaryimage","url":"https:\/\/fidamc.es\/wp-content\/uploads\/2025\/11\/Fidamc_Summit_Grupos_001-1-scaled.jpeg","contentUrl":"https:\/\/fidamc.es\/wp-content\/uploads\/2025\/11\/Fidamc_Summit_Grupos_001-1-scaled.jpeg","width":2560,"height":1707},{"@type":"BreadcrumbList","@id":"https:\/\/fidamc.es\/claves-de-la-estrategia-aeroespacial-y-oportunidades-de-financiacion\/#breadcrumb","itemListElement":[{"@type":"ListItem","position":1,"name":"Portada","item":"https:\/\/fidamc.es\/"},{"@type":"ListItem","position":2,"name":"Claves de la estrategia aeroespacial y oportunidades de financiaci\u00f3n"}]},{"@type":"WebSite","@id":"https:\/\/fidamc.es\/#website","url":"https:\/\/fidamc.es\/","name":"FIDAMC","description":"Research, Development and Application of Composite Materials","potentialAction":[{"@type":"SearchAction","target":{"@type":"EntryPoint","urlTemplate":"https:\/\/fidamc.es\/?s={search_term_string}"},"query-input":{"@type":"PropertyValueSpecification","valueRequired":true,"valueName":"search_term_string"}}],"inLanguage":"en-GB"},{"@type":"Person","@id":"https:\/\/fidamc.es\/#\/schema\/person\/06feb300cd7ff3b3c0a2b03aa5f73b70","name":"fidamc","image":{"@type":"ImageObject","inLanguage":"en-GB","@id":"https:\/\/fidamc.es\/#\/schema\/person\/image\/","url":"https:\/\/secure.gravatar.com\/avatar\/a6670502f5dce3955f76dda9a01536b69bbcd83706dc4c46f5eba56aad168cc7?s=96&d=mm&r=g","contentUrl":"https:\/\/secure.gravatar.com\/avatar\/a6670502f5dce3955f76dda9a01536b69bbcd83706dc4c46f5eba56aad168cc7?s=96&d=mm&r=g","caption":"fidamc"},"sameAs":["https:\/\/fidamc.es"],"url":"https:\/\/fidamc.es\/en\/author\/fidamc\/"}]}},"_links":{"self":[{"href":"https:\/\/fidamc.es\/en\/wp-json\/wp\/v2\/posts\/2758","targetHints":{"allow":["GET"]}}],"collection":[{"href":"https:\/\/fidamc.es\/en\/wp-json\/wp\/v2\/posts"}],"about":[{"href":"https:\/\/fidamc.es\/en\/wp-json\/wp\/v2\/types\/post"}],"author":[{"embeddable":true,"href":"https:\/\/fidamc.es\/en\/wp-json\/wp\/v2\/users\/1"}],"replies":[{"embeddable":true,"href":"https:\/\/fidamc.es\/en\/wp-json\/wp\/v2\/comments?post=2758"}],"version-history":[{"count":2,"href":"https:\/\/fidamc.es\/en\/wp-json\/wp\/v2\/posts\/2758\/revisions"}],"predecessor-version":[{"id":2773,"href":"https:\/\/fidamc.es\/en\/wp-json\/wp\/v2\/posts\/2758\/revisions\/2773"}],"wp:featuredmedia":[{"embeddable":true,"href":"https:\/\/fidamc.es\/en\/wp-json\/wp\/v2\/media\/2759"}],"wp:attachment":[{"href":"https:\/\/fidamc.es\/en\/wp-json\/wp\/v2\/media?parent=2758"}],"wp:term":[{"taxonomy":"category","embeddable":true,"href":"https:\/\/fidamc.es\/en\/wp-json\/wp\/v2\/categories?post=2758"},{"taxonomy":"post_tag","embeddable":true,"href":"https:\/\/fidamc.es\/en\/wp-json\/wp\/v2\/tags?post=2758"}],"curies":[{"name":"wp","href":"https:\/\/api.w.org\/{rel}","templated":true}]}}