{"id":2785,"date":"2025-11-09T22:14:29","date_gmt":"2025-11-09T21:14:29","guid":{"rendered":"https:\/\/fidamc.es\/?p=2785"},"modified":"2026-01-29T12:32:05","modified_gmt":"2026-01-29T11:32:05","slug":"el-reto-de-la-industrializacion-de-los-materiales-termoplasticos","status":"publish","type":"post","link":"https:\/\/fidamc.es\/en\/el-reto-de-la-industrializacion-de-los-materiales-termoplasticos\/","title":{"rendered":"The challenge of industrialising thermoplastic materials"},"content":{"rendered":"<p>[et_pb_section fb_built=\u00bb1&#8243; _builder_version=\u00bb4.27.4&#8243; _module_preset=\u00bbdefault\u00bb global_colors_info=\u00bb{}\u00bb][et_pb_row _builder_version=\u00bb4.27.4&#8243; _module_preset=\u00bbdefault\u00bb global_colors_info=\u00bb{}\u00bb][et_pb_column type=\u00bb4_4&#8243; _builder_version=\u00bb4.27.4&#8243; _module_preset=\u00bbdefault\u00bb global_colors_info=\u00bb{}\u00bb][et_pb_text _builder_version=\u00bb4.27.4&#8243; _module_preset=\u00bbdefault\u00bb global_colors_info=\u00bb{}\u00bb]<\/p>\n<p>The third round table at the Aerospace Thermoplastics International Summit, organised by Fidamc, addressed one of the most crucial issues for the future of sustainable aviation: <strong>how to take thermoplastic materials from the laboratory to the factory<\/strong>. Entitled \"Challenges of the industrialisation of thermoplastic materials\", the debate was moderated by <strong>Sof\u00eda Delgado<\/strong>, Director of Aeronautical Programmes at Fidamc, and featured <strong>Enrique S\u00e1nchez<\/strong> (Aernnova Composites), <strong>Ra\u00fal Arranz<\/strong> (Aciturri) and <strong>Salvador Romero<\/strong> (Fokker).<\/p>\n<p>Sof\u00eda Delgado opened the session by emphasising that the three speakers were chosen for their complementary perspectives: \"These are the people who make industrialisation happen.\" From there, the conversation explored both the technical challenges and the strategies needed to scale up the production of thermoplastic components in a real industrial environment.<\/p>\n<p>The first to speak was <strong>Salvador Romero<\/strong>, who offered his thoughts on the technical requirements of industrialisation. According to him, the challenges depend on the context: \"It is difficult to define general challenges; it depends on the technology, the application and the market.\" Romero pointed out that high-performance thermoplastic materials can already match the mechanical performance of other technologies, but the key lies in <strong>developing robust, repeatable and controlled processes.<\/strong>.<\/p>\n<p>Among the main challenges, he pointed out the need for <strong>robust and traceable process control systems<\/strong>, as well as the definition of <strong>specific applications<\/strong> where the use of thermoplastics makes technical and economic sense. He also highlighted a change in mindset across the industry: \"If we want to move to thermoplastics, it is not a minor change, it is a fundamental change; we need to re-educate the industry.\"<\/p>\n<p>From the perspective of <strong>Aernnova,<\/strong>, <strong>Enrique S\u00e1nchez<\/strong> emphasised the importance of assessing the maturity and potential of each technology. \"We must differentiate between current maturity and future potential,\" he said. He highlighted the interest in processes such as <strong>in situ forming and consolidation<\/strong>, although he acknowledged limitations in terms of productivity and cost. He also pointed to the need for <strong>smart investments<\/strong> and collaboration with technology centres to accelerate the maturity of solutions: \"It is not easy for us to assess the level of maturity, which is why we need technology centres and exposure.\"<\/p>\n<p>S\u00e1nchez also highlighted the role of automation and compact consolidation tools as key factors in achieving industrial efficiency and bringing thermoplastics closer to the level of sophistication of thermosets.<\/p>\n<p>For his part, <strong>Ra\u00fal Arranz<\/strong> shared Aciturri's practical experience in adopting these technologies. He recalled that \"we thought the technology was more mature, but the reality was different.\" He explained that the company has been experimenting for years with processes such as <strong>stamping<\/strong>, the <strong>in situ consolidation<\/strong> and <strong>rapid deposition<\/strong>, with the aim of understanding their real limitations before implementing them industrially. \"The main point now is to understand and learn about the technology as best we can,\" he concluded.<\/p>\n<p>The moderator closed the panel by reminding attendees that the industrialisation of thermoplastics is not just about developing new processes, but also about making them <strong>robust, repeatable and ready for actual production<\/strong>. All speakers agreed that collaboration between industry, technology centres and OEMs will be essential to reduce costs, mitigate risks and accelerate the adoption of these materials in the aircraft of the future.<\/p>\n<p>[\/et_pb_text][\/et_pb_column][\/et_pb_row][et_pb_row _builder_version=\u00bb4.27.4&#8243; _module_preset=\u00bbdefault\u00bb][et_pb_column _builder_version=\u00bb4.27.4&#8243; _module_preset=\u00bbdefault\u00bb type=\u00bb4_4&#8243;][et_pb_gallery _builder_version=\u00bb4.27.4&#8243; _module_preset=\u00bbdefault\u00bb gallery_ids=\u00bb2794,2795,2796,2797,2798,2799,2800,2801&#8243; hover_enabled=\u00bb0&#8243; sticky_enabled=\u00bb0&#8243;][\/et_pb_gallery][et_pb_video src=\u00bbhttps:\/\/youtu.be\/y8OGrxpmb8E?si=_N9AOPlNJgL-6Vkx\u00bb image_src=\u00bb\/\/i.ytimg.com\/vi\/y8OGrxpmb8E\/hqdefault.jpg\u00bb _builder_version=\u00bb4.27.4&#8243; _module_preset=\u00bbdefault\u00bb global_colors_info=\u00bb{}\u00bb][\/et_pb_video][\/et_pb_column][\/et_pb_row][\/et_pb_section]<\/p>","protected":false},"excerpt":{"rendered":"<p>La tercera mesa redonda del Aerospace Thermoplastics International Summit, organizada por Fidamc, abord\u00f3 uno de los temas m\u00e1s cruciales para el futuro de la aviaci\u00f3n sostenible: c\u00f3mo llevar los materiales termopl\u00e1sticos desde el laboratorio hasta la f\u00e1brica. Bajo el t\u00edtulo \u2018Desaf\u00edos de la industrializaci\u00f3n de los materiales termopl\u00e1sticos\u2019, el debate fue moderado por Sof\u00eda Delgado, [&hellip;]<\/p>","protected":false},"author":1,"featured_media":2635,"comment_status":"open","ping_status":"open","sticky":false,"template":"","format":"standard","meta":{"_et_pb_use_builder":"on","_et_pb_old_content":"","_et_gb_content_width":"","footnotes":""},"categories":[9],"tags":[],"class_list":["post-2785","post","type-post","status-publish","format-standard","has-post-thumbnail","hentry","category-eventos"],"yoast_head":"<!-- This site is optimized with the Yoast SEO plugin v26.7 - https:\/\/yoast.com\/wordpress\/plugins\/seo\/ -->\r\n<title>El reto de la industrializaci\u00f3n de los materiales termopl\u00e1sticos - FIDAMC<\/title>\r\n<meta name=\"robots\" content=\"index, follow, max-snippet:-1, max-image-preview:large, max-video-preview:-1\" \/>\r\n<link rel=\"canonical\" href=\"https:\/\/fidamc.es\/en\/el-reto-de-la-industrializacion-de-los-materiales-termoplasticos\/\" \/>\r\n<meta property=\"og:locale\" content=\"en_GB\" \/>\r\n<meta property=\"og:type\" content=\"article\" \/>\r\n<meta property=\"og:title\" content=\"El reto de la industrializaci\u00f3n de los materiales termopl\u00e1sticos - FIDAMC\" \/>\r\n<meta property=\"og:description\" content=\"La tercera mesa redonda del Aerospace Thermoplastics International Summit, organizada por Fidamc, abord\u00f3 uno de los temas m\u00e1s cruciales para el futuro de la aviaci\u00f3n sostenible: c\u00f3mo llevar los materiales termopl\u00e1sticos desde el laboratorio hasta la f\u00e1brica. Bajo el t\u00edtulo \u2018Desaf\u00edos de la industrializaci\u00f3n de los materiales termopl\u00e1sticos\u2019, el debate fue moderado por Sof\u00eda Delgado, [&hellip;]\" \/>\r\n<meta property=\"og:url\" content=\"https:\/\/fidamc.es\/en\/el-reto-de-la-industrializacion-de-los-materiales-termoplasticos\/\" \/>\r\n<meta property=\"og:site_name\" content=\"FIDAMC\" \/>\r\n<meta property=\"article:published_time\" content=\"2025-11-09T21:14:29+00:00\" \/>\r\n<meta property=\"article:modified_time\" content=\"2026-01-29T11:32:05+00:00\" \/>\r\n<meta property=\"og:image\" content=\"https:\/\/fidamc.es\/wp-content\/uploads\/2025\/11\/Fidamc_Summit_Grupos_006-scaled.jpeg\" \/>\r\n\t<meta property=\"og:image:width\" content=\"2560\" \/>\r\n\t<meta property=\"og:image:height\" content=\"1707\" \/>\r\n\t<meta property=\"og:image:type\" content=\"image\/jpeg\" \/>\r\n<meta name=\"author\" content=\"fidamc\" \/>\r\n<meta name=\"twitter:card\" content=\"summary_large_image\" \/>\r\n<meta name=\"twitter:label1\" content=\"Written by\" \/>\n\t<meta name=\"twitter:data1\" content=\"fidamc\" \/>\n\t<meta name=\"twitter:label2\" content=\"Estimated reading time\" \/>\n\t<meta name=\"twitter:data2\" content=\"3 minutes\" \/>\r\n<script type=\"application\/ld+json\" class=\"yoast-schema-graph\">{\"@context\":\"https:\/\/schema.org\",\"@graph\":[{\"@type\":\"Article\",\"@id\":\"https:\/\/fidamc.es\/el-reto-de-la-industrializacion-de-los-materiales-termoplasticos\/#article\",\"isPartOf\":{\"@id\":\"https:\/\/fidamc.es\/el-reto-de-la-industrializacion-de-los-materiales-termoplasticos\/\"},\"author\":{\"name\":\"fidamc\",\"@id\":\"https:\/\/fidamc.es\/#\/schema\/person\/06feb300cd7ff3b3c0a2b03aa5f73b70\"},\"headline\":\"El reto de la industrializaci\u00f3n de los materiales termopl\u00e1sticos\",\"datePublished\":\"2025-11-09T21:14:29+00:00\",\"dateModified\":\"2026-01-29T11:32:05+00:00\",\"mainEntityOfPage\":{\"@id\":\"https:\/\/fidamc.es\/el-reto-de-la-industrializacion-de-los-materiales-termoplasticos\/\"},\"wordCount\":750,\"commentCount\":0,\"image\":{\"@id\":\"https:\/\/fidamc.es\/el-reto-de-la-industrializacion-de-los-materiales-termoplasticos\/#primaryimage\"},\"thumbnailUrl\":\"https:\/\/fidamc.es\/wp-content\/uploads\/2025\/11\/Fidamc_Summit_Grupos_006-scaled.jpeg\",\"articleSection\":[\"Eventos\"],\"inLanguage\":\"en-GB\",\"potentialAction\":[{\"@type\":\"CommentAction\",\"name\":\"Comment\",\"target\":[\"https:\/\/fidamc.es\/el-reto-de-la-industrializacion-de-los-materiales-termoplasticos\/#respond\"]}]},{\"@type\":\"WebPage\",\"@id\":\"https:\/\/fidamc.es\/el-reto-de-la-industrializacion-de-los-materiales-termoplasticos\/\",\"url\":\"https:\/\/fidamc.es\/el-reto-de-la-industrializacion-de-los-materiales-termoplasticos\/\",\"name\":\"El reto de la industrializaci\u00f3n de los materiales termopl\u00e1sticos - FIDAMC\",\"isPartOf\":{\"@id\":\"https:\/\/fidamc.es\/#website\"},\"primaryImageOfPage\":{\"@id\":\"https:\/\/fidamc.es\/el-reto-de-la-industrializacion-de-los-materiales-termoplasticos\/#primaryimage\"},\"image\":{\"@id\":\"https:\/\/fidamc.es\/el-reto-de-la-industrializacion-de-los-materiales-termoplasticos\/#primaryimage\"},\"thumbnailUrl\":\"https:\/\/fidamc.es\/wp-content\/uploads\/2025\/11\/Fidamc_Summit_Grupos_006-scaled.jpeg\",\"datePublished\":\"2025-11-09T21:14:29+00:00\",\"dateModified\":\"2026-01-29T11:32:05+00:00\",\"author\":{\"@id\":\"https:\/\/fidamc.es\/#\/schema\/person\/06feb300cd7ff3b3c0a2b03aa5f73b70\"},\"breadcrumb\":{\"@id\":\"https:\/\/fidamc.es\/el-reto-de-la-industrializacion-de-los-materiales-termoplasticos\/#breadcrumb\"},\"inLanguage\":\"en-GB\",\"potentialAction\":[{\"@type\":\"ReadAction\",\"target\":[\"https:\/\/fidamc.es\/el-reto-de-la-industrializacion-de-los-materiales-termoplasticos\/\"]}]},{\"@type\":\"ImageObject\",\"inLanguage\":\"en-GB\",\"@id\":\"https:\/\/fidamc.es\/el-reto-de-la-industrializacion-de-los-materiales-termoplasticos\/#primaryimage\",\"url\":\"https:\/\/fidamc.es\/wp-content\/uploads\/2025\/11\/Fidamc_Summit_Grupos_006-scaled.jpeg\",\"contentUrl\":\"https:\/\/fidamc.es\/wp-content\/uploads\/2025\/11\/Fidamc_Summit_Grupos_006-scaled.jpeg\",\"width\":2560,\"height\":1707},{\"@type\":\"BreadcrumbList\",\"@id\":\"https:\/\/fidamc.es\/el-reto-de-la-industrializacion-de-los-materiales-termoplasticos\/#breadcrumb\",\"itemListElement\":[{\"@type\":\"ListItem\",\"position\":1,\"name\":\"Portada\",\"item\":\"https:\/\/fidamc.es\/\"},{\"@type\":\"ListItem\",\"position\":2,\"name\":\"El reto de la industrializaci\u00f3n de los materiales termopl\u00e1sticos\"}]},{\"@type\":\"WebSite\",\"@id\":\"https:\/\/fidamc.es\/#website\",\"url\":\"https:\/\/fidamc.es\/\",\"name\":\"FIDAMC\",\"description\":\"Research, Development and Application of Composite Materials\",\"potentialAction\":[{\"@type\":\"SearchAction\",\"target\":{\"@type\":\"EntryPoint\",\"urlTemplate\":\"https:\/\/fidamc.es\/?s={search_term_string}\"},\"query-input\":{\"@type\":\"PropertyValueSpecification\",\"valueRequired\":true,\"valueName\":\"search_term_string\"}}],\"inLanguage\":\"en-GB\"},{\"@type\":\"Person\",\"@id\":\"https:\/\/fidamc.es\/#\/schema\/person\/06feb300cd7ff3b3c0a2b03aa5f73b70\",\"name\":\"fidamc\",\"image\":{\"@type\":\"ImageObject\",\"inLanguage\":\"en-GB\",\"@id\":\"https:\/\/fidamc.es\/#\/schema\/person\/image\/\",\"url\":\"https:\/\/secure.gravatar.com\/avatar\/a6670502f5dce3955f76dda9a01536b69bbcd83706dc4c46f5eba56aad168cc7?s=96&d=mm&r=g\",\"contentUrl\":\"https:\/\/secure.gravatar.com\/avatar\/a6670502f5dce3955f76dda9a01536b69bbcd83706dc4c46f5eba56aad168cc7?s=96&d=mm&r=g\",\"caption\":\"fidamc\"},\"sameAs\":[\"https:\/\/fidamc.es\"],\"url\":\"https:\/\/fidamc.es\/en\/author\/fidamc\/\"}]}<\/script>\r\n<!-- \/ Yoast SEO plugin. -->","yoast_head_json":{"title":"El reto de la industrializaci\u00f3n de los materiales termopl\u00e1sticos - FIDAMC","robots":{"index":"index","follow":"follow","max-snippet":"max-snippet:-1","max-image-preview":"max-image-preview:large","max-video-preview":"max-video-preview:-1"},"canonical":"https:\/\/fidamc.es\/en\/el-reto-de-la-industrializacion-de-los-materiales-termoplasticos\/","og_locale":"en_GB","og_type":"article","og_title":"El reto de la industrializaci\u00f3n de los materiales termopl\u00e1sticos - FIDAMC","og_description":"La tercera mesa redonda del Aerospace Thermoplastics International Summit, organizada por Fidamc, abord\u00f3 uno de los temas m\u00e1s cruciales para el futuro de la aviaci\u00f3n sostenible: c\u00f3mo llevar los materiales termopl\u00e1sticos desde el laboratorio hasta la f\u00e1brica. Bajo el t\u00edtulo \u2018Desaf\u00edos de la industrializaci\u00f3n de los materiales termopl\u00e1sticos\u2019, el debate fue moderado por Sof\u00eda Delgado, [&hellip;]","og_url":"https:\/\/fidamc.es\/en\/el-reto-de-la-industrializacion-de-los-materiales-termoplasticos\/","og_site_name":"FIDAMC","article_published_time":"2025-11-09T21:14:29+00:00","article_modified_time":"2026-01-29T11:32:05+00:00","og_image":[{"width":2560,"height":1707,"url":"https:\/\/fidamc.es\/wp-content\/uploads\/2025\/11\/Fidamc_Summit_Grupos_006-scaled.jpeg","type":"image\/jpeg"}],"author":"fidamc","twitter_card":"summary_large_image","twitter_misc":{"Written by":"fidamc","Estimated reading time":"3 minutes"},"schema":{"@context":"https:\/\/schema.org","@graph":[{"@type":"Article","@id":"https:\/\/fidamc.es\/el-reto-de-la-industrializacion-de-los-materiales-termoplasticos\/#article","isPartOf":{"@id":"https:\/\/fidamc.es\/el-reto-de-la-industrializacion-de-los-materiales-termoplasticos\/"},"author":{"name":"fidamc","@id":"https:\/\/fidamc.es\/#\/schema\/person\/06feb300cd7ff3b3c0a2b03aa5f73b70"},"headline":"El reto de la industrializaci\u00f3n de los materiales termopl\u00e1sticos","datePublished":"2025-11-09T21:14:29+00:00","dateModified":"2026-01-29T11:32:05+00:00","mainEntityOfPage":{"@id":"https:\/\/fidamc.es\/el-reto-de-la-industrializacion-de-los-materiales-termoplasticos\/"},"wordCount":750,"commentCount":0,"image":{"@id":"https:\/\/fidamc.es\/el-reto-de-la-industrializacion-de-los-materiales-termoplasticos\/#primaryimage"},"thumbnailUrl":"https:\/\/fidamc.es\/wp-content\/uploads\/2025\/11\/Fidamc_Summit_Grupos_006-scaled.jpeg","articleSection":["Eventos"],"inLanguage":"en-GB","potentialAction":[{"@type":"CommentAction","name":"Comment","target":["https:\/\/fidamc.es\/el-reto-de-la-industrializacion-de-los-materiales-termoplasticos\/#respond"]}]},{"@type":"WebPage","@id":"https:\/\/fidamc.es\/el-reto-de-la-industrializacion-de-los-materiales-termoplasticos\/","url":"https:\/\/fidamc.es\/el-reto-de-la-industrializacion-de-los-materiales-termoplasticos\/","name":"El reto de la industrializaci\u00f3n de los materiales termopl\u00e1sticos - FIDAMC","isPartOf":{"@id":"https:\/\/fidamc.es\/#website"},"primaryImageOfPage":{"@id":"https:\/\/fidamc.es\/el-reto-de-la-industrializacion-de-los-materiales-termoplasticos\/#primaryimage"},"image":{"@id":"https:\/\/fidamc.es\/el-reto-de-la-industrializacion-de-los-materiales-termoplasticos\/#primaryimage"},"thumbnailUrl":"https:\/\/fidamc.es\/wp-content\/uploads\/2025\/11\/Fidamc_Summit_Grupos_006-scaled.jpeg","datePublished":"2025-11-09T21:14:29+00:00","dateModified":"2026-01-29T11:32:05+00:00","author":{"@id":"https:\/\/fidamc.es\/#\/schema\/person\/06feb300cd7ff3b3c0a2b03aa5f73b70"},"breadcrumb":{"@id":"https:\/\/fidamc.es\/el-reto-de-la-industrializacion-de-los-materiales-termoplasticos\/#breadcrumb"},"inLanguage":"en-GB","potentialAction":[{"@type":"ReadAction","target":["https:\/\/fidamc.es\/el-reto-de-la-industrializacion-de-los-materiales-termoplasticos\/"]}]},{"@type":"ImageObject","inLanguage":"en-GB","@id":"https:\/\/fidamc.es\/el-reto-de-la-industrializacion-de-los-materiales-termoplasticos\/#primaryimage","url":"https:\/\/fidamc.es\/wp-content\/uploads\/2025\/11\/Fidamc_Summit_Grupos_006-scaled.jpeg","contentUrl":"https:\/\/fidamc.es\/wp-content\/uploads\/2025\/11\/Fidamc_Summit_Grupos_006-scaled.jpeg","width":2560,"height":1707},{"@type":"BreadcrumbList","@id":"https:\/\/fidamc.es\/el-reto-de-la-industrializacion-de-los-materiales-termoplasticos\/#breadcrumb","itemListElement":[{"@type":"ListItem","position":1,"name":"Portada","item":"https:\/\/fidamc.es\/"},{"@type":"ListItem","position":2,"name":"El reto de la industrializaci\u00f3n de los materiales termopl\u00e1sticos"}]},{"@type":"WebSite","@id":"https:\/\/fidamc.es\/#website","url":"https:\/\/fidamc.es\/","name":"FIDAMC","description":"Research, Development and Application of Composite Materials","potentialAction":[{"@type":"SearchAction","target":{"@type":"EntryPoint","urlTemplate":"https:\/\/fidamc.es\/?s={search_term_string}"},"query-input":{"@type":"PropertyValueSpecification","valueRequired":true,"valueName":"search_term_string"}}],"inLanguage":"en-GB"},{"@type":"Person","@id":"https:\/\/fidamc.es\/#\/schema\/person\/06feb300cd7ff3b3c0a2b03aa5f73b70","name":"fidamc","image":{"@type":"ImageObject","inLanguage":"en-GB","@id":"https:\/\/fidamc.es\/#\/schema\/person\/image\/","url":"https:\/\/secure.gravatar.com\/avatar\/a6670502f5dce3955f76dda9a01536b69bbcd83706dc4c46f5eba56aad168cc7?s=96&d=mm&r=g","contentUrl":"https:\/\/secure.gravatar.com\/avatar\/a6670502f5dce3955f76dda9a01536b69bbcd83706dc4c46f5eba56aad168cc7?s=96&d=mm&r=g","caption":"fidamc"},"sameAs":["https:\/\/fidamc.es"],"url":"https:\/\/fidamc.es\/en\/author\/fidamc\/"}]}},"_links":{"self":[{"href":"https:\/\/fidamc.es\/en\/wp-json\/wp\/v2\/posts\/2785","targetHints":{"allow":["GET"]}}],"collection":[{"href":"https:\/\/fidamc.es\/en\/wp-json\/wp\/v2\/posts"}],"about":[{"href":"https:\/\/fidamc.es\/en\/wp-json\/wp\/v2\/types\/post"}],"author":[{"embeddable":true,"href":"https:\/\/fidamc.es\/en\/wp-json\/wp\/v2\/users\/1"}],"replies":[{"embeddable":true,"href":"https:\/\/fidamc.es\/en\/wp-json\/wp\/v2\/comments?post=2785"}],"version-history":[{"count":4,"href":"https:\/\/fidamc.es\/en\/wp-json\/wp\/v2\/posts\/2785\/revisions"}],"predecessor-version":[{"id":2802,"href":"https:\/\/fidamc.es\/en\/wp-json\/wp\/v2\/posts\/2785\/revisions\/2802"}],"wp:featuredmedia":[{"embeddable":true,"href":"https:\/\/fidamc.es\/en\/wp-json\/wp\/v2\/media\/2635"}],"wp:attachment":[{"href":"https:\/\/fidamc.es\/en\/wp-json\/wp\/v2\/media?parent=2785"}],"wp:term":[{"taxonomy":"category","embeddable":true,"href":"https:\/\/fidamc.es\/en\/wp-json\/wp\/v2\/categories?post=2785"},{"taxonomy":"post_tag","embeddable":true,"href":"https:\/\/fidamc.es\/en\/wp-json\/wp\/v2\/tags?post=2785"}],"curies":[{"name":"wp","href":"https:\/\/api.w.org\/{rel}","templated":true}]}}